{"id":70848,"date":"2023-10-25T11:33:08","date_gmt":"2023-10-25T14:33:08","guid":{"rendered":"https:\/\/tvc16.com\/portal\/?p=70848"},"modified":"2023-10-25T11:33:09","modified_gmt":"2023-10-25T14:33:09","slug":"petropolis-business-comeca-nesta-quinta-feira-26","status":"publish","type":"post","link":"https:\/\/tvc16.com\/portal\/2023\/10\/25\/petropolis-business-comeca-nesta-quinta-feira-26\/","title":{"rendered":"Petr\u00f3polis Business come\u00e7a nesta quinta-feira (26)"},"content":{"rendered":"\n<p>Come\u00e7a nesta quinta-feira (26) o Petr\u00f3polis Business 2023, no Centro Cultural Sesc Quitandinha. A montagem do espa\u00e7o segue a todo vapor para garantir que tudo esteja pronto para receber o p\u00fablico a partir das 10h. O evento, que \u00e9 sucessor da Expo Petr\u00f3polis, tem expectativa de atrair 25 mil visitantes ao longo de quatro dias. A &nbsp;abertura oficial ocorrer\u00e1 \u00e0s 18h30, em solenidade no Teatro Mecanizado. A entrada \u00e9 franca.<\/p>\n\n\n\n<p>&nbsp;<br>O Petr\u00f3polis Business 2023 reunir\u00e1 os segmentos da economia regional em um s\u00f3 lugar, contribuindo para a gera\u00e7\u00e3o de diversas oportunidades, al\u00e9m do desenvolvimento econ\u00f4mico da regi\u00e3o. No CCS Quitandinha, estar\u00e3o reunidos segmentos como o turismo, a gastronomia, moda, confec\u00e7\u00e3o, tecnologia, constru\u00e7\u00e3o civil, educa\u00e7\u00e3o, dentre outros importantes setores.<\/p>\n\n\n\n<p><br>O p\u00fablico poder\u00e1 encontrar 260 expositores no evento, os mais variados produtos e servi\u00e7os, rodadas de neg\u00f3cios, workshops, atividades culturais e cerca de 140 palestras. A programa\u00e7\u00e3o completa est\u00e1 dispon\u00edvel no site do evento (<a href=\"https:\/\/na01.safelinks.protection.outlook.com\/?url=http%3A%2F%2Fwww.petropolisbusiness.com.br%2F&amp;data=05%7C01%7C%7Cf139f9c98f1942596ee908dbd5650700%7C84df9e7fe9f640afb435aaaaaaaaaaaa%7C1%7C0%7C638338404599214569%7CUnknown%7CTWFpbGZsb3d8eyJWIjoiMC4wLjAwMDAiLCJQIjoiV2luMzIiLCJBTiI6Ik1haWwiLCJXVCI6Mn0%3D%7C3000%7C%7C%7C&amp;sdata=w73mFA1EFdm2lBi%2FZmggZiH5707Gy6WrpWggZnStunA%3D&amp;reserved=0\" target=\"_blank\" rel=\"noreferrer noopener\">www.petropolisbusiness.com.br<\/a>), onde tamb\u00e9m \u00e9 poss\u00edvel se inscrever gratuitamente para participar das palestras. J\u00e1 para a apresenta\u00e7\u00e3o do executivo da Embraer, Lu\u00eds Marinho, que ocorrer\u00e1 ap\u00f3s a solenidade, n\u00e3o \u00e9 necess\u00e1rio inscri\u00e7\u00e3o pr\u00e9via. Ele ir\u00e1 abordar \u201cO Case de Sucesso da Embraer\u201d, \u00e0s 19h.<\/p>\n\n\n\n<p>\u00a0<br>O Petr\u00f3polis Business 2023 \u00e9 uma realiza\u00e7\u00e3o da ACEP, com patroc\u00ednio da Fecom\u00e9rcio, Prefeitura, Sistema Firjan, Governo do Estado do Rio de Janeiro (por meio da Secret\u00e1ria de Desenvolvimento Econ\u00f4mico, Ind\u00fastria, Com\u00e9rcio e Servi\u00e7os), Sebrae, Unifase, Concer e Serviplan. O evento conta com apoio institucional da Facerj, Kastel Hot\u00e9is, CDL, Sicom\u00e9rcio, C\u00e2mara Municipal, CRC\/RJ, Emater-Rio, Petr\u00f3polis Convention &amp; Visitors Bureau, UCP, SinCon, Associa\u00e7\u00e3o de Empres\u00e1rios da Rua Teresa, Serratec, Petr\u00f3polis Invest, Comdep, Mobees, CPTrans e Kido Dynamics. A Open Brasil \u00e9 a montadora oficial do evento. A Tribuna FM \u00e9 a r\u00e1dio oficial do Petr\u00f3polis Business.<br><\/p>\n\n\n\n<p><strong>Servi\u00e7o:<br>Petr\u00f3polis Business 2023<br>Data e hor\u00e1rio:<\/strong>\u00a0De 26 a 29 de outubro de 2023, das 10h \u00e0s 22h<br><strong>Local:<\/strong>\u00a0Pal\u00e1cio Quitandinha &#8211; Av. Joaquim Rolla, n\u00famero 2<br>Entrada Franca<\/p>\n\n\n\n<p><strong>Feirinha de Itaipava participar\u00e1 do Petr\u00f3polis Business<\/strong><\/p>\n\n\n\n<p>A Feirinha de Itaipava est\u00e1 na reta final dos preparativos para participar do Petr\u00f3polis Business 2023. O polo de moda estar\u00e1 presente com diversos produtos, que abrangem desde a moda feminina e masculina at\u00e9 cal\u00e7ados, acess\u00f3rios e outras novidades. O evento ter\u00e1 in\u00edcio nesta quinta-feira, dia 26, no Centro Cultural Sesc Quitandinha.\u00a0<\/p>\n\n\n\n<p>\u201cA Feirinha de Itaipava estar\u00e1 presente no evento com produtos que representam o que h\u00e1 de mais atual no com\u00e9rcio varejista. A expectativa \u00e9 muito positiva e convidamos todas as pessoas a visitarem o evento e conhecerem nossos stands\u201d, destaca o administrador geral da Feirinha, S\u00e9rgio G-T\u00e3o.&nbsp;<\/p>\n\n\n\n<p>Recentemente, o polo de moda celebrou tr\u00eas d\u00e9cadas de exist\u00eancia com a exposi\u00e7\u00e3o \u201c30 Anos Tecendo Hist\u00f3rias\u201d. A mostra, que narra os desafios e conquistas da Feirinha desde o in\u00edcio da sua trajet\u00f3ria, estar\u00e1 dispon\u00edvel para o p\u00fablico no Petr\u00f3polis Business.&nbsp;<\/p>\n\n\n\n<p>\u201cConvidamos todas as pessoas a visitarem nossos stands no evento e a conhecerem a exposi\u00e7\u00e3o que celebra os 30 anos da Feirinha, hoje um dos principais polos de moda da regi\u00e3o. Estamos muito felizes em participar do Petr\u00f3polis Business e contamos com a presen\u00e7a do p\u00fablico\u201d, finaliza o presidente administrativo da Feirinha de Itaipava, \u00c1lvaro Dias.&nbsp;<\/p>\n\n\n\n<p>O Petr\u00f3polis Business reunir\u00e1 os principais segmentos econ\u00f4micos da regi\u00e3o, de 26 a 29 de outubro, no Centro Cultural Sesc Quitandinha. Com entrada franca, o evento contar\u00e1 com uma ampla programa\u00e7\u00e3o e funcionar\u00e1 das 10h \u00e0s 22h.<\/p>\n\n\n\n<figure class=\"wp-block-image size-large\"><img loading=\"lazy\" decoding=\"async\" width=\"1024\" height=\"768\" src=\"https:\/\/tvc16.com\/portal\/wp-content\/uploads\/2023\/10\/Feirinha-de-Itaipava-1024x768.jpeg\" alt=\"\" class=\"wp-image-70850\" srcset=\"https:\/\/tvc16.com\/portal\/wp-content\/uploads\/2023\/10\/Feirinha-de-Itaipava-1024x768.jpeg 1024w, https:\/\/tvc16.com\/portal\/wp-content\/uploads\/2023\/10\/Feirinha-de-Itaipava-300x225.jpeg 300w, https:\/\/tvc16.com\/portal\/wp-content\/uploads\/2023\/10\/Feirinha-de-Itaipava-768x576.jpeg 768w, https:\/\/tvc16.com\/portal\/wp-content\/uploads\/2023\/10\/Feirinha-de-Itaipava-1536x1152.jpeg 1536w, https:\/\/tvc16.com\/portal\/wp-content\/uploads\/2023\/10\/Feirinha-de-Itaipava-200x150.jpeg 200w, https:\/\/tvc16.com\/portal\/wp-content\/uploads\/2023\/10\/Feirinha-de-Itaipava.jpeg 1600w\" sizes=\"auto, (max-width: 1024px) 100vw, 1024px\" \/><\/figure>\n\n\n\n<p>Fotos: divulga\u00e7\u00e3o <\/p>\n","protected":false},"excerpt":{"rendered":"<p>Come\u00e7a nesta quinta-feira (26) o Petr\u00f3polis Business 2023, no Centro Cultural Sesc Quitandinha. A montagem<\/p>\n","protected":false},"author":2,"featured_media":70849,"comment_status":"open","ping_status":"open","sticky":false,"template":"","format":"standard","meta":{"footnotes":""},"categories":[12],"tags":[],"class_list":["post-70848","post","type-post","status-publish","format-standard","has-post-thumbnail","hentry","category-cidade"],"_links":{"self":[{"href":"https:\/\/tvc16.com\/portal\/wp-json\/wp\/v2\/posts\/70848","targetHints":{"allow":["GET"]}}],"collection":[{"href":"https:\/\/tvc16.com\/portal\/wp-json\/wp\/v2\/posts"}],"about":[{"href":"https:\/\/tvc16.com\/portal\/wp-json\/wp\/v2\/types\/post"}],"author":[{"embeddable":true,"href":"https:\/\/tvc16.com\/portal\/wp-json\/wp\/v2\/users\/2"}],"replies":[{"embeddable":true,"href":"https:\/\/tvc16.com\/portal\/wp-json\/wp\/v2\/comments?post=70848"}],"version-history":[{"count":1,"href":"https:\/\/tvc16.com\/portal\/wp-json\/wp\/v2\/posts\/70848\/revisions"}],"predecessor-version":[{"id":70851,"href":"https:\/\/tvc16.com\/portal\/wp-json\/wp\/v2\/posts\/70848\/revisions\/70851"}],"wp:featuredmedia":[{"embeddable":true,"href":"https:\/\/tvc16.com\/portal\/wp-json\/wp\/v2\/media\/70849"}],"wp:attachment":[{"href":"https:\/\/tvc16.com\/portal\/wp-json\/wp\/v2\/media?parent=70848"}],"wp:term":[{"taxonomy":"category","embeddable":true,"href":"https:\/\/tvc16.com\/portal\/wp-json\/wp\/v2\/categories?post=70848"},{"taxonomy":"post_tag","embeddable":true,"href":"https:\/\/tvc16.com\/portal\/wp-json\/wp\/v2\/tags?post=70848"}],"curies":[{"name":"wp","href":"https:\/\/api.w.org\/{rel}","templated":true}]}}