{"id":70855,"date":"2023-10-25T11:40:47","date_gmt":"2023-10-25T14:40:47","guid":{"rendered":"https:\/\/tvc16.com\/portal\/?p=70855"},"modified":"2023-10-25T11:40:47","modified_gmt":"2023-10-25T14:40:47","slug":"comissao-da-camara-identifica-diversas-irregularidades-em-fiscalizacao-das-viacoes-petro-ita-e-cascatinha","status":"publish","type":"post","link":"https:\/\/tvc16.com\/portal\/2023\/10\/25\/comissao-da-camara-identifica-diversas-irregularidades-em-fiscalizacao-das-viacoes-petro-ita-e-cascatinha\/","title":{"rendered":"Comiss\u00e3o da C\u00e2mara identifica diversas irregularidades em fiscaliza\u00e7\u00e3o das via\u00e7\u00f5es Petro Ita e Cascatinha"},"content":{"rendered":"\n<p>Na noite da segunda (23\/10), a Comiss\u00e3o Especial para Avalia\u00e7\u00e3o das Concess\u00f5es e Parcerias P\u00fablico Privadas Municipais da C\u00e2mara de Petr\u00f3polis, presidida pela vereadora J\u00falia Casamasso, integrante da Coletiva Feminista Popular, realizou fiscaliza\u00e7\u00e3o em conjunto com&nbsp; representantes da sociedade civil eleitos para o Conselho Municipal de Tr\u00e2nsito e Transporte nas empresas de via\u00e7\u00e3o Petro Ita e Cascatinha. A Comiss\u00e3o conta ainda com os vereadores Domingos Protetor e Mauro Peralta.<\/p>\n\n\n\n<p>\u201cEssa Comiss\u00e3o foi criada para fiscalizar n\u00e3o apenas a rela\u00e7\u00e3o entre as empresas de transporte e o poder p\u00fablico, mas tamb\u00e9m a presta\u00e7\u00e3o de servi\u00e7o&nbsp; de empresas como Enel, \u00c1guas do Imperador, Sinal Vida, entre outras.&nbsp;Desenvolvemos crit\u00e9rios junto aos conselheiros do Comutran sobre quais quest\u00f5es analisar tanto na infraestrutura das garagens quanto dos \u00f4nibus. Demos o primeiro passo na garagem da Turp, no dia 2 de outubro e seguimos na segunda-feira na garagem das duas empresas que passaram por inc\u00eandio este ano e at\u00e9 agora n\u00e3o ofereceram o retorno de 100% da frota para a popula\u00e7\u00e3o. Estamos visitando todas as garagens de \u00f4nibus para produzirmos um diagn\u00f3stico geral da situa\u00e7\u00e3o do transporte p\u00fablico do nosso munic\u00edpio, avan\u00e7ando com recomenda\u00e7\u00f5es\u201d, esclarece J\u00falia.<\/p>\n\n\n\n<p>De acordo com a vereadora, a fiscaliza\u00e7\u00e3o desta semana enfrentou muitos desafios. \u201cA gente teve muita dificuldade em conseguir fazer o nosso trabalho porque tentaram impedir de diversas formas.&nbsp; N\u00e3o colocaram nenhum respons\u00e1vel t\u00e9cnico para nos acompanhar e fazer as explica\u00e7\u00f5es necess\u00e1rias na vistoria. Todo tempo queriam que nos retir\u00e1ssemos.&nbsp; Focamos na per\u00edcia dos \u00f4nibus, inclusive, norteados pela conselheira Cintia Cirilo, do Comutran, que \u00e9 mec\u00e2nica de \u00f4nibus e&nbsp; entende muito bem sobre a situa\u00e7\u00e3o\u201d, continua a vereadora.<\/p>\n\n\n\n<p>Na fiscaliza\u00e7\u00e3o, houve averigua\u00e7\u00e3o de diversos \u00f4nibus entre ve\u00edculos da Cascatinha e da Petro Ita. Em muitos deles, foi constatada alguma esp\u00e9cie de irregularidade, tanto dentro dos par\u00e2metros da CPTrans, quanto dos par\u00e2metros institu\u00eddos pela Comiss\u00e3o. \u201cMuitos deles tinham problemas graves e que colocam a vida da popula\u00e7\u00e3o em risco. Identificamos ve\u00edculos com pneus reformados no eixo dianteiro, pneu careca, placa apagada, sem placa, sem o selo para opera\u00e7\u00e3o em 2023, avaria no forro e no piso, problemas estruturais, entre outros. Sabemos o quanto isso \u00e9 perigoso, ainda mais em Petr\u00f3polis com tantas ruas revestidas por paralelep\u00edpedos, subidas \u00edngremes, transtornos com chuvas e outras caracter\u00edsticas pr\u00f3prias da cidade. Encontramos, de fato, uma situa\u00e7\u00e3o bem ruim diante da infraestrutura dos \u00f4nibus e tamb\u00e9m do descumprimento das leis municipais 8273\/22 e 8403\/22, que definem sobre afixa\u00e7\u00e3o de placas com hor\u00e1rios, itiner\u00e1rios e ano da frota para sabermos a idade m\u00ednima dos \u00f4nibus em circula\u00e7\u00e3o\u201d, detalha Casamasso.<\/p>\n\n\n\n<p>Ap\u00f3s a fiscaliza\u00e7\u00e3o, o pr\u00f3ximo passo da Comiss\u00e3o ser\u00e1 solicitar uma atitude por parte da Prefeitura, por meio da Companhia Petropolitana de Tr\u00e2nsito e Transportes. \u201cNosso papel \u00e9 fiscalizar e propor a\u00e7\u00f5es, mas quem pode faz\u00ea-las \u00e9 o executivo, vamos continuar e construir um relat\u00f3rio de diagn\u00f3stico t\u00e9cnico que ser\u00e1 enviado \u00e0 CPTrans. J\u00e1 solicitamos tamb\u00e9m os relat\u00f3rios de fiscaliza\u00e7\u00e3o realizados pela CPTrans. Vamos lutar para que de fato o transporte p\u00fablico seja digno, pressionando a Prefeitura, pois \u00e9 somente ela quem pode resolver. Inclusive a situa\u00e7\u00e3o que encontramos na garagem da Petro Ita e Cascatinha, na nossa concep\u00e7\u00e3o, \u00e9 pass\u00edvel de uma interven\u00e7\u00e3o do munic\u00edpio, pois nos deparamos com um quadro muito complicado. E \u00e9 importante ressaltar, que mesmo encontrando dificuldades, ningu\u00e9m vai impedir a gente de fazer o nosso trabalho. A popula\u00e7\u00e3o petropolitana segue sofrendo com o transporte p\u00fablico e nosso compromisso \u00e9 com o povo! Vamos seguir avan\u00e7ando nas fiscaliza\u00e7\u00f5es e na luta por um novo modelo de transporte p\u00fablico em nossa cidade\u201d, garante a vereadora.<\/p>\n","protected":false},"excerpt":{"rendered":"<p>Na noite da segunda (23\/10), a Comiss\u00e3o Especial para Avalia\u00e7\u00e3o das Concess\u00f5es e Parcerias P\u00fablico<\/p>\n","protected":false},"author":2,"featured_media":70857,"comment_status":"open","ping_status":"open","sticky":false,"template":"","format":"standard","meta":{"footnotes":""},"categories":[12],"tags":[],"class_list":["post-70855","post","type-post","status-publish","format-standard","has-post-thumbnail","hentry","category-cidade"],"_links":{"self":[{"href":"https:\/\/tvc16.com\/portal\/wp-json\/wp\/v2\/posts\/70855","targetHints":{"allow":["GET"]}}],"collection":[{"href":"https:\/\/tvc16.com\/portal\/wp-json\/wp\/v2\/posts"}],"about":[{"href":"https:\/\/tvc16.com\/portal\/wp-json\/wp\/v2\/types\/post"}],"author":[{"embeddable":true,"href":"https:\/\/tvc16.com\/portal\/wp-json\/wp\/v2\/users\/2"}],"replies":[{"embeddable":true,"href":"https:\/\/tvc16.com\/portal\/wp-json\/wp\/v2\/comments?post=70855"}],"version-history":[{"count":1,"href":"https:\/\/tvc16.com\/portal\/wp-json\/wp\/v2\/posts\/70855\/revisions"}],"predecessor-version":[{"id":70858,"href":"https:\/\/tvc16.com\/portal\/wp-json\/wp\/v2\/posts\/70855\/revisions\/70858"}],"wp:featuredmedia":[{"embeddable":true,"href":"https:\/\/tvc16.com\/portal\/wp-json\/wp\/v2\/media\/70857"}],"wp:attachment":[{"href":"https:\/\/tvc16.com\/portal\/wp-json\/wp\/v2\/media?parent=70855"}],"wp:term":[{"taxonomy":"category","embeddable":true,"href":"https:\/\/tvc16.com\/portal\/wp-json\/wp\/v2\/categories?post=70855"},{"taxonomy":"post_tag","embeddable":true,"href":"https:\/\/tvc16.com\/portal\/wp-json\/wp\/v2\/tags?post=70855"}],"curies":[{"name":"wp","href":"https:\/\/api.w.org\/{rel}","templated":true}]}}