{"id":7103,"date":"2020-12-01T11:27:30","date_gmt":"2020-12-01T14:27:30","guid":{"rendered":"https:\/\/tvc16.com\/portal\/?p=7103"},"modified":"2020-12-01T11:27:36","modified_gmt":"2020-12-01T14:27:36","slug":"onu-preve-que-235-milhoes-precisem-de-assistencia-humanitaria-em-2021","status":"publish","type":"post","link":"https:\/\/tvc16.com\/portal\/2020\/12\/01\/onu-preve-que-235-milhoes-precisem-de-assistencia-humanitaria-em-2021\/","title":{"rendered":"ONU prev\u00ea que 235 milh\u00f5es precisem de assist\u00eancia humanit\u00e1ria em 2021"},"content":{"rendered":"\n<h2 class=\"wp-block-heading\">Estimativa est\u00e1 em novo relat\u00f3rio anual do Ocha<\/h2>\n\n\n\n<h4 class=\"wp-block-heading\">Por RTP &#8211; Lisboa<\/h4>\n\n\n\n<p>Cerca de 235 milh\u00f5es de pessoas v\u00e3o precisar de assist\u00eancia humanit\u00e1ria e prote\u00e7\u00e3o em 2021, segundo relat\u00f3rio que ser\u00e1 apresentado&nbsp;pelo Escrit\u00f3rio das Na\u00e7\u00f5es Unidas para a Coordena\u00e7\u00e3o de Assuntos Humanit\u00e1rios (Ocha, na sigla em ingl\u00eas).<img decoding=\"async\" src=\"https:\/\/agenciabrasil.ebc.com.br\/ebc.png?id=1395107&amp;o=node\"><img decoding=\"async\" src=\"https:\/\/agenciabrasil.ebc.com.br\/ebc.gif?id=1395107&amp;o=node\"><\/p>\n\n\n\n<p>O novo relat\u00f3rio anual do Ocha sobre a situa\u00e7\u00e3o humanit\u00e1ria global, que vai ser lan\u00e7ado em Genebra, prev\u00ea um aumento de 40% de pessoas vulner\u00e1veis em rela\u00e7\u00e3o a 2020 e destaca que ser\u00e3o precisos pelo menos 29 bilh\u00f5es&nbsp;de euros para garantir a assist\u00eancia humanit\u00e1ria em 2021.<\/p>\n\n\n\n<p>Segundo o Ocha, &#8220;a pobreza extrema aumentou pela primeira vez em 22 anos&#8221; e v\u00e3o surgir m\u00faltiplas situa\u00e7\u00f5es de falta de alimentos e fome.<\/p>\n\n\n\n<p>A organiza\u00e7\u00e3o alerta que no final do pr\u00f3ximo ano, 736 milh\u00f5es de pessoas poder\u00e3o estar em situa\u00e7\u00e3o de pobreza extrema, a viver com menos de 1,60 euro&nbsp;por dia.<\/p>\n\n\n\n<p>O relat\u00f3rio vai ser apresentado em eventos virtuais em Genebra e outras capitais do mundo, com uma mensagem do secret\u00e1rio-geral da Organiza\u00e7\u00e3o das Na\u00e7\u00f5es Unidas, Ant\u00f3nio Guterres e do subsecret\u00e1rio-geral para os Assuntos Humanit\u00e1rios, Mark Lowcock.<\/p>\n\n\n\n<p>O documento trata de&nbsp;56 pa\u00edses afetados por crises humanit\u00e1rias e inclui planos espec\u00edficos para 34 pa\u00edses em que a popula\u00e7\u00e3o poder\u00e1 sofrer mais com fome, conflitos armados, falta de alojamento, impacto das mudan\u00e7as clim\u00e1ticas e dificuldades criadas pela pandemia de covid-19.<\/p>\n\n\n\n<p>Os planos de resposta apresentados&nbsp;pelo OCHA visam chegar a 160 milh\u00f5es de pessoas em situa\u00e7\u00e3o&nbsp;de forte necessidade e t\u00eam custo estimado de US$ 35 bilh\u00f5es&nbsp;no pr\u00f3ximo ano.<\/p>\n\n\n\n<p>Entre os fatores que atingem os mais vulner\u00e1veis est\u00e3o&nbsp;o aumento dos pre\u00e7os dos alimentos, a quebra de rendimentos, interrup\u00e7\u00e3o de programas de vacina\u00e7\u00e3o, o fechamento&nbsp;de escolas, desalojamento e a viol\u00eancia.<\/p>\n\n\n\n<p>Os planos espec\u00edficos para fornecer ajuda humanit\u00e1ria incluem Mo\u00e7ambique, Col\u00f4mbia, Venezuela, Ucr\u00e2nia, Rep\u00fablica Centro-Africana, Afeganist\u00e3o, I\u00e9men, S\u00edria e outros pa\u00edses.<\/p>\n\n\n\n<p>Entre os problemas que as Na\u00e7\u00f5es Unidas se prop\u00f5em a aliviar, est\u00e3o as &#8220;consequ\u00eancias brutais de conflitos e deslocamentos que prejudicam principalmente mulheres e crian\u00e7as, pragas de gafanhotos, o clima extremo&#8221; e o impacto da covid-19.<\/p>\n\n\n\n<p>&#8220;Os or\u00e7amentos de ajuda humanit\u00e1ria enfrentam d\u00e9ficits&nbsp;terr\u00edveis \u00e0 medida que o impacto da pandemia global continua a piorar. Juntos, devemos mobilizar recursos e ser solid\u00e1rios nas alturas mais sombrias de necessidade&#8221;, diz Guterres, citado pelo Ocha&nbsp;em&nbsp;comunicado.<\/p>\n\n\n\n<p>Para Mark Lowcock, trata-se de uma escolha entre juntar for\u00e7as para ajudar todos os pa\u00edses e pessoas em necessidade ou deixar que 40 anos de progresso sejam revertidos.<\/p>\n\n\n\n<p>Segundo o relat\u00f3rio, a pandemia de covid-19&nbsp;ter\u00e1 provocado uma perda equivalente a 495 milh\u00f5es de postos de trabalho&nbsp;s\u00f3 no segundo trimestre de 2020.<\/p>\n\n\n\n<p>&#8220;As consequ\u00eancias econ\u00f3micas da pandemia podem causar uma perda de US$ 10 bilh\u00f5es&nbsp;em rendimentos ao longo da vida da atual gera\u00e7\u00e3o de crian\u00e7as&#8221;, acrescenta a ONU.<\/p>\n\n\n\n<p>O Ocha&nbsp;mostra no relat\u00f3rio&nbsp;que neste ano&nbsp;donativos para a resposta humanit\u00e1ria atingiram mais de 14,2 bilh\u00f5es&nbsp;de euros, utilizados para ajudar mais de 100 milh\u00f5es de pessoas desde janeiro \u00faltimo.<\/p>\n\n\n\n<p>A pandemia de covid-19 provocou pelo menos 1.460.018 mortes resultantes de mais de 62,7 milh\u00f5es de casos de infec\u00e7\u00e3o em todo o mundo, segundo balan\u00e7o da&nbsp;ag\u00eancia francesa AFP.<\/p>\n\n\n\n<p>A doen\u00e7a \u00e9 transmitida pelo novo coronav\u00edrus,detectado no fim&nbsp;de dezembro&nbsp;de 2019, em Wuhan, cidade do centro da China.<\/p>\n","protected":false},"excerpt":{"rendered":"<p>Estimativa est\u00e1 em novo relat\u00f3rio anual do Ocha Por RTP &#8211; Lisboa Cerca de 235<\/p>\n","protected":false},"author":2,"featured_media":7104,"comment_status":"open","ping_status":"open","sticky":false,"template":"","format":"standard","meta":{"footnotes":""},"categories":[22],"tags":[],"class_list":["post-7103","post","type-post","status-publish","format-standard","has-post-thumbnail","hentry","category-internacional"],"_links":{"self":[{"href":"https:\/\/tvc16.com\/portal\/wp-json\/wp\/v2\/posts\/7103","targetHints":{"allow":["GET"]}}],"collection":[{"href":"https:\/\/tvc16.com\/portal\/wp-json\/wp\/v2\/posts"}],"about":[{"href":"https:\/\/tvc16.com\/portal\/wp-json\/wp\/v2\/types\/post"}],"author":[{"embeddable":true,"href":"https:\/\/tvc16.com\/portal\/wp-json\/wp\/v2\/users\/2"}],"replies":[{"embeddable":true,"href":"https:\/\/tvc16.com\/portal\/wp-json\/wp\/v2\/comments?post=7103"}],"version-history":[{"count":1,"href":"https:\/\/tvc16.com\/portal\/wp-json\/wp\/v2\/posts\/7103\/revisions"}],"predecessor-version":[{"id":7105,"href":"https:\/\/tvc16.com\/portal\/wp-json\/wp\/v2\/posts\/7103\/revisions\/7105"}],"wp:featuredmedia":[{"embeddable":true,"href":"https:\/\/tvc16.com\/portal\/wp-json\/wp\/v2\/media\/7104"}],"wp:attachment":[{"href":"https:\/\/tvc16.com\/portal\/wp-json\/wp\/v2\/media?parent=7103"}],"wp:term":[{"taxonomy":"category","embeddable":true,"href":"https:\/\/tvc16.com\/portal\/wp-json\/wp\/v2\/categories?post=7103"},{"taxonomy":"post_tag","embeddable":true,"href":"https:\/\/tvc16.com\/portal\/wp-json\/wp\/v2\/tags?post=7103"}],"curies":[{"name":"wp","href":"https:\/\/api.w.org\/{rel}","templated":true}]}}