{"id":7106,"date":"2020-12-01T11:29:03","date_gmt":"2020-12-01T14:29:03","guid":{"rendered":"https:\/\/tvc16.com\/portal\/?p=7106"},"modified":"2020-12-01T11:29:07","modified_gmt":"2020-12-01T14:29:07","slug":"ministerio-da-saude-apresenta-dados-e-acoes-de-combate-a-aids-no-pais","status":"publish","type":"post","link":"https:\/\/tvc16.com\/portal\/2020\/12\/01\/ministerio-da-saude-apresenta-dados-e-acoes-de-combate-a-aids-no-pais\/","title":{"rendered":"Minist\u00e9rio da Sa\u00fade apresenta dados e a\u00e7\u00f5es de combate \u00e0 aids no pa\u00eds"},"content":{"rendered":"\n<h2 class=\"wp-block-heading\">Boletim Epidemiol\u00f3gico HIV\/Aids 2020 \u00e9 apresentado em evento online<\/h2>\n\n\n\n<h4 class=\"wp-block-heading\">Por Ag\u00eancia Brasil &#8211; Bras\u00edlia<\/h4>\n\n\n\n<p>No Dia Mundial de Luta contra a Aids, nesta ter\u00e7a-feira (1\u00b0), o&nbsp;Minist\u00e9rio da Sa\u00fade apresentou&nbsp;o Boletim Epidemiol\u00f3gico HIV\/Aids 2020, com os dados de diagn\u00f3sticos e infectados consolidados do ano de 2019.<img decoding=\"async\" src=\"https:\/\/agenciabrasil.ebc.com.br\/ebc.png?id=1395106&amp;o=node\"><img decoding=\"async\" src=\"https:\/\/agenciabrasil.ebc.com.br\/ebc.gif?id=1395106&amp;o=node\"><\/p>\n\n\n\n<p>Durante o evento&nbsp;<em>online<\/em>, foram apresentadas&nbsp;as iniciativas tomadas durante a pandemia para manter&nbsp;os tratamentos, rastreamentos e assist\u00eancia no Sistema \u00danico de Sa\u00fade (SUS)&nbsp;\u00e0s pessoas com HIV.<\/p>\n\n\n\n<p>O dia 1\u00b0 de dezembro marca o in\u00edcio do chamado Dezembro Vermelho, que tem como objetivo chamar a aten\u00e7\u00e3o para a o diagn\u00f3stico precoce, preven\u00e7\u00e3o, assist\u00eancia e direitos das pessoas que vivem&nbsp;com o HIV.&nbsp;<\/p>\n\n\n\n<p>Participaram do evento o secret\u00e1rio-executivo do MS, Elcio Franco; o secret\u00e1rio de Vigil\u00e2ncia em Sa\u00fade, Arnaldo Medeiros; o representante da Organiza\u00e7\u00e3o Pan-americana de Sa\u00fade da Organiza\u00e7\u00e3o Mundial da Sa\u00fade (Opas\/OMS) no Brasil, doutora Socorro Gross; presidente do Conselho Nacional das Secretarias Municipais de Sa\u00fade (Conass), Willames Freire Bezerra;&nbsp; presidente do Conselho Nacional de Sa\u00fade, doutor Fernando Pigatto; bem como o diretor do Departamento de Doen\u00e7as de Condi\u00e7\u00f5es Cr\u00f4nicas e Infec\u00e7\u00f5es Sexualmente Transmiss\u00edveis, Gerson Fernando.<\/p>\n\n\n\n<h2 class=\"wp-block-heading\">Acompanhe a \u00edntegra da cerim\u00f4nia:&nbsp;<\/h2>\n\n\n\n<figure class=\"wp-block-embed-youtube wp-block-embed is-type-rich is-provider-incorporar-manipulador wp-embed-aspect-16-9 wp-has-aspect-ratio\"><div class=\"wp-block-embed__wrapper\">\nhttps:\/\/youtube.com\/watch?v=6LwO-GcGim8\n<\/div><\/figure>\n\n\n\n<p>Edi\u00e7\u00e3o: Denise Griesinger<\/p>\n","protected":false},"excerpt":{"rendered":"<p>Boletim Epidemiol\u00f3gico HIV\/Aids 2020 \u00e9 apresentado em evento online Por Ag\u00eancia Brasil &#8211; Bras\u00edlia No<\/p>\n","protected":false},"author":2,"featured_media":7108,"comment_status":"open","ping_status":"open","sticky":false,"template":"","format":"standard","meta":{"footnotes":""},"categories":[13],"tags":[],"class_list":["post-7106","post","type-post","status-publish","format-standard","has-post-thumbnail","hentry","category-saude"],"_links":{"self":[{"href":"https:\/\/tvc16.com\/portal\/wp-json\/wp\/v2\/posts\/7106","targetHints":{"allow":["GET"]}}],"collection":[{"href":"https:\/\/tvc16.com\/portal\/wp-json\/wp\/v2\/posts"}],"about":[{"href":"https:\/\/tvc16.com\/portal\/wp-json\/wp\/v2\/types\/post"}],"author":[{"embeddable":true,"href":"https:\/\/tvc16.com\/portal\/wp-json\/wp\/v2\/users\/2"}],"replies":[{"embeddable":true,"href":"https:\/\/tvc16.com\/portal\/wp-json\/wp\/v2\/comments?post=7106"}],"version-history":[{"count":1,"href":"https:\/\/tvc16.com\/portal\/wp-json\/wp\/v2\/posts\/7106\/revisions"}],"predecessor-version":[{"id":7109,"href":"https:\/\/tvc16.com\/portal\/wp-json\/wp\/v2\/posts\/7106\/revisions\/7109"}],"wp:featuredmedia":[{"embeddable":true,"href":"https:\/\/tvc16.com\/portal\/wp-json\/wp\/v2\/media\/7108"}],"wp:attachment":[{"href":"https:\/\/tvc16.com\/portal\/wp-json\/wp\/v2\/media?parent=7106"}],"wp:term":[{"taxonomy":"category","embeddable":true,"href":"https:\/\/tvc16.com\/portal\/wp-json\/wp\/v2\/categories?post=7106"},{"taxonomy":"post_tag","embeddable":true,"href":"https:\/\/tvc16.com\/portal\/wp-json\/wp\/v2\/tags?post=7106"}],"curies":[{"name":"wp","href":"https:\/\/api.w.org\/{rel}","templated":true}]}}