{"id":711,"date":"2020-09-18T14:26:43","date_gmt":"2020-09-18T14:26:43","guid":{"rendered":"https:\/\/tvc16.com\/portal\/?p=711"},"modified":"2020-09-18T14:26:43","modified_gmt":"2020-09-18T14:26:43","slug":"curso-com-base-no-meio-digital-ajuda-profissionais-a-otimizarem-estrategias-durante-campanha-eleitoral","status":"publish","type":"post","link":"https:\/\/tvc16.com\/portal\/2020\/09\/18\/curso-com-base-no-meio-digital-ajuda-profissionais-a-otimizarem-estrategias-durante-campanha-eleitoral\/","title":{"rendered":"Curso com base no meio digital ajuda profissionais a otimizarem estrat\u00e9gias durante campanha eleitoral"},"content":{"rendered":"\n<p>A pandemia do novo coronav\u00edrus proporcionou um \u201cnovo normal\u201d na vida das pessoas. A maneira de comprar, estudar e trabalhar, por exemplo, mudou. Algumas datas importantes tamb\u00e9m tiveram que ser revistas, como \u00e9 o caso das elei\u00e7\u00f5es municipais previstas para este ano, que&nbsp;al\u00e9m de adiadas contar\u00e3o com novas estrat\u00e9gias para aqueles que trabalham durante a campanha.&nbsp;<\/p>\n\n\n\n<p>O calend\u00e1rio inicial, definido pelo Tribunal Superior Eleitoral <a href=\"http:\/\/www.tse.jus.br\/\">(TSE)<\/a> no ano passado, previa o primeiro turno em 4 de outubro, e o segundo, em 25 do mesmo m\u00eas. Agora, uma PEC aprovada pelo Congresso adiou o primeiro turno para 15 de novembro, e o segundo, para 29 de novembro.<\/p>\n\n\n\n<p>Essas altera\u00e7\u00f5es, \u00e0s vezes, s\u00e3o vistas como problemas por boa parte da popula\u00e7\u00e3o. No entanto, h\u00e1 quem encontre oportunidades nesses momentos de crise. \u00c9 o caso de quem vai atuar profissionalmente nas campanhas pol\u00edticas.<\/p>\n\n\n\n<p>Por terem um tempo a mais, essas pessoas podem encontrar novas solu\u00e7\u00f5es que ajudem os candidatos que defendem a estar um passo \u00e0 frente dos seus concorrentes. Pensando nisso, o Instituto Brasileiro de Pesquisa e An\u00e1lise de Dados <a href=\"https:\/\/www.ibpad.com.br\/\">(IBPAD)<\/a> oferece um <a href=\"http:\/\/dadosparavencer.com.br\/\">curso destinados a ajudar esses profissionais<\/a> a desempenharem um trabalho mais eficiente, dentro desse prop\u00f3sito.<\/p>\n\n\n\n<p>\u201cN\u00f3s est\u00e1vamos acostumados sempre a velhos padr\u00f5es, como de presen\u00e7a ou que sempre havia conversas com as pessoas. Mas, agora, precisamos de estrat\u00e9gias para alcan\u00e7ar essas pessoas, em momentos e plataformas distintos. O meio digital, como nunca, ser\u00e1 fundamental. O digital permite uma quantidade de dados gigantes. Ent\u00e3o, nesse momento, <a href=\"http:\/\/dadosparavencer.com.br\/\">um curso como esse pode ajudar a fazer a diferen\u00e7a numa campanha<\/a>\u201d, destaca o presidente-executivo do IBPAD, Max Stabile.<\/p>\n\n\n\n<figure class=\"wp-block-image\"><a href=\"http:\/\/dadosparavencer.com.br\/\"><img decoding=\"async\" src=\"\/\/s3-sa-east-1.amazonaws.com\/agencia-radio-arb\/2780\/content_cursos-ibpad.png\" alt=\"\" title=\"Brasil 61\"\/><\/a><\/figure>\n\n\n\n<p>Ao todo, ser\u00e3o disponibilizados <a href=\"http:\/\/dadosparavencer.com.br\/\">quatro cursos<\/a> que v\u00e3o auxiliar a produzir, consumir e criar estrat\u00e9gias com as principais t\u00e9cnicas digitais e tradicionais de monitoramento de m\u00eddias sociais, pesquisas de opini\u00e3o, mapas eleitorais e da dashboards real-time.<\/p>\n\n\n\n<p>Stabile explica que esta campanha vai necessitar de estrat\u00e9gias voltadas para determinados nichos, principalmente em cidades que n\u00e3o t\u00eam segundo turno. Nesse sentido, ele ressalta que o resultado das elei\u00e7\u00f5es vai ser definido, principalmente, pelo conhecimento da geografia detalhada dos munic\u00edpios e o perfil do eleitorado deste local.<\/p>\n\n\n\n<p>\u201cDizemos como construir um mapa, saber suas sess\u00f5es, quem s\u00e3o seus candidatos eleitorais. Tamb\u00e9m ensinamos como monitorar ou encontrar as pessoas nas redes sociais, para construir uma persona e saber qual \u00e9 o seu p\u00fablico e o nicho exato. Ainda temos um curso de pesquisas eleitorais, j\u00e1 que \u00e0s vezes encomendamos ou fazemos, mas, n\u00e3o sabemos como construir uma boa pesquisa e sempre questionamos um levantamento que est\u00e1 nos desfavorecendo\u201d, explica.<\/p>\n\n\n\n<h2 class=\"wp-block-heading\">Fake News<\/h2>\n\n\n\n<p>Um dos temas mais relevantes dos \u00faltimos anos, as fake news \u2013 not\u00edcias falsas \u2013 t\u00eam gerado bastante discuss\u00e3o em todas as esferas de Poder e entre a sociedade. Al\u00e9m de ter sido respons\u00e1vel por repercuss\u00f5es recentes nos notici\u00e1rios e redes sociais, foi ponto not\u00f3rio durante as \u00faltimas elei\u00e7\u00f5es presidenciais no Brasil.<\/p>\n\n\n\n<p><a href=\"https:\/\/brasil61.com\/noticias\/proposta-de-adiamento-das-eleicoes-deste-ano-altera-datas-do-calendario-eleitoral-bras200584\"><strong>Proposta de adiamento das elei\u00e7\u00f5es deste ano altera datas do calend\u00e1rio eleitoral<\/strong><\/a><\/p>\n\n\n\n<p><a href=\"https:\/\/brasil61.com\/noticias\/eleicoes-municipais-comicios-e-eventos-com-aglomeracoes-podem-ser-proibidos-bras200890\"><strong>Elei\u00e7\u00f5es Municipais: Com\u00edcios e eventos com aglomera\u00e7\u00f5es podem ser proibidos<\/strong><\/a><\/p>\n\n\n\n<p><a href=\"https:\/\/brasil61.com\/noticias\/eleicoes-municipais-a-midia-e-as-redes-sociais-podem-causar-impacto-nas-urnaseleicoes-municipais-a-midia-e-as-redes-sociais-podem-causar-impacto-nas-urnas-bras201372\"><strong>ELEI\u00c7\u00d5ES 2020: M\u00eddia e redes sociais podem causar impacto nas urnas<\/strong><\/a><\/p>\n\n\n\n<p>Dentro do <a href=\"http:\/\/dadosparavencer.com.br\/\">conte\u00fado oferecido pelo IBPAD<\/a>, Max Stabile garante que o assunto ser\u00e1 abordado de forma veemente. \u201cO nosso <a href=\"http:\/\/dadosparavencer.com.br\/\" target=\"_blank\" rel=\"noreferrer noopener\">curso de monitoramento<\/a> j\u00e1 \u00e9 reconhecido no mercado e ensina como que voc\u00ea pode ter, em tempo real, a informa\u00e7\u00e3o de que alguma fake news est\u00e1 circulando sobre voc\u00ea, sobre seu candidato e \u00e0 sua campanha pol\u00edtica.\u201d<\/p>\n\n\n\n<p>De acordo com o instituto, o objetivo dos cursos \u00e9 oferecer uma metodologia de an\u00e1lises quantitativas e qualitativas na confec\u00e7\u00e3o de cartografia e mapas eleitorais, al\u00e9m de capacitar profissionais de campanha para criar estrat\u00e9gias de mobiliza\u00e7\u00e3o.<br>Os interessados nos cursos devem acessar o site <a href=\"http:\/\/www.dadosparavencer.com.br\/\">www.dadosparavencer.com.br<\/a> ou ligar para o n\u00famero (61) 4042-2018.<\/p>\n\n\n\n<p>Fonte: <a rel=\"noreferrer noopener\" href=\"https:\/\/brasil61.com\/noticias\/curso-com-base-no-meio-digital-ajuda-profissionais-a-otimizarem-estrategias-durante-campanha-eleitoral-bras201591\" target=\"_blank\">Brasil 61<\/a><\/p>\n\n\n\n<p>Foto: Divulga\u00e7\u00e3o<\/p>\n","protected":false},"excerpt":{"rendered":"<p>A pandemia do novo coronav\u00edrus proporcionou um \u201cnovo normal\u201d na vida das pessoas. A maneira<\/p>\n","protected":false},"author":2,"featured_media":712,"comment_status":"open","ping_status":"open","sticky":false,"template":"","format":"standard","meta":{"footnotes":""},"categories":[16],"tags":[],"class_list":["post-711","post","type-post","status-publish","format-standard","has-post-thumbnail","hentry","category-colunistas"],"_links":{"self":[{"href":"https:\/\/tvc16.com\/portal\/wp-json\/wp\/v2\/posts\/711","targetHints":{"allow":["GET"]}}],"collection":[{"href":"https:\/\/tvc16.com\/portal\/wp-json\/wp\/v2\/posts"}],"about":[{"href":"https:\/\/tvc16.com\/portal\/wp-json\/wp\/v2\/types\/post"}],"author":[{"embeddable":true,"href":"https:\/\/tvc16.com\/portal\/wp-json\/wp\/v2\/users\/2"}],"replies":[{"embeddable":true,"href":"https:\/\/tvc16.com\/portal\/wp-json\/wp\/v2\/comments?post=711"}],"version-history":[{"count":1,"href":"https:\/\/tvc16.com\/portal\/wp-json\/wp\/v2\/posts\/711\/revisions"}],"predecessor-version":[{"id":713,"href":"https:\/\/tvc16.com\/portal\/wp-json\/wp\/v2\/posts\/711\/revisions\/713"}],"wp:featuredmedia":[{"embeddable":true,"href":"https:\/\/tvc16.com\/portal\/wp-json\/wp\/v2\/media\/712"}],"wp:attachment":[{"href":"https:\/\/tvc16.com\/portal\/wp-json\/wp\/v2\/media?parent=711"}],"wp:term":[{"taxonomy":"category","embeddable":true,"href":"https:\/\/tvc16.com\/portal\/wp-json\/wp\/v2\/categories?post=711"},{"taxonomy":"post_tag","embeddable":true,"href":"https:\/\/tvc16.com\/portal\/wp-json\/wp\/v2\/tags?post=711"}],"curies":[{"name":"wp","href":"https:\/\/api.w.org\/{rel}","templated":true}]}}