{"id":7113,"date":"2020-12-01T11:32:17","date_gmt":"2020-12-01T14:32:17","guid":{"rendered":"https:\/\/tvc16.com\/portal\/?p=7113"},"modified":"2020-12-01T11:32:20","modified_gmt":"2020-12-01T14:32:20","slug":"bolsonaro-visita-hoje-obras-da-segunda-ponte-entre-brasil-e-paraguai","status":"publish","type":"post","link":"https:\/\/tvc16.com\/portal\/2020\/12\/01\/bolsonaro-visita-hoje-obras-da-segunda-ponte-entre-brasil-e-paraguai\/","title":{"rendered":"Bolsonaro visita hoje obras da segunda ponte entre Brasil e Paraguai"},"content":{"rendered":"\n<h2 class=\"wp-block-heading\">Em Foz do Igua\u00e7u, ele se reunir\u00e1 com o presidente do pa\u00eds vizinho<\/h2>\n\n\n\n<h4 class=\"wp-block-heading\">Por Andreia Verd\u00e9lio \u2013 Rep\u00f3rter da Ag\u00eancia Brasil &#8211; Bras\u00edlia<\/h4>\n\n\n\n<p>O presidente Jair Bolsonaro viajou hoje (1\u00ba) para Foz do Igua\u00e7u, no Paran\u00e1, onde visitar\u00e1 as obras da segunda ponte entre Brasil e Paraguai e ter\u00e1 reuni\u00e3o ampliada com o presidente do pa\u00eds vizinho, Mario Abdo Ben\u00edtez. Com quase 40% das obras conclu\u00eddas, a Ponte da Integra\u00e7\u00e3o Brasil-Paraguai, no Rio Paran\u00e1, vai desafogar o tr\u00e2nsito na Ponte da Amizade.<img decoding=\"async\" src=\"https:\/\/agenciabrasil.ebc.com.br\/ebc.png?id=1395105&amp;o=node\"><img decoding=\"async\" src=\"https:\/\/agenciabrasil.ebc.com.br\/ebc.gif?id=1395105&amp;o=node\"><\/p>\n\n\n\n<p>A visita est\u00e1 prevista para acontecer por volta das 10h40. Logo depois, Bolsonaro e Ben\u00edtez se deslocam para o Hotel Recanto, para a reuni\u00e3o de trabalho, seguida de um almo\u00e7o. \u00c0s 14h45, os presidentes d\u00e3o declara\u00e7\u00e3o \u00e0 imprensa.<\/p>\n\n\n\n<p>A pedra fundamental da segunda ponte entre os dois pa\u00edses foi lan\u00e7ada em&nbsp;<a href=\"http:\/\/agenciabrasil.ebc.com.br\/politica\/noticia\/2019-05\/presidentes-lancam-pedra-fundamental-da-segunda-ponte-brasil-paraguai\" target=\"_blank\" rel=\"noreferrer noopener\">maio do ano passado<\/a>. A cargo do Brasil, a obra est\u00e1 sendo custeada pela margem brasileira da empresa Itaipu Binacional e vai ligar Foz do Igua\u00e7u \u00e0 cidade paraguaia de Puerto Presidente Franco. O investimento ser\u00e1 de R$ 463 milh\u00f5es, considerando obras da estrutura, desapropria\u00e7\u00f5es e a constru\u00e7\u00e3o de uma perimetral no lado brasileiro, que ligar\u00e1 a ponte \u00e0 BR-277.<\/p>\n\n\n\n<h2 class=\"wp-block-heading\">Empreendimento<\/h2>\n\n\n\n<p>O Departamento Nacional de Infraestrutura de Transportes (Dnit) \u00e9 respons\u00e1vel pela supervis\u00e3o do empreendimento, gerenciado pelo governo do Paran\u00e1 por meio do Departamento de Estradas de Rodagem (DER) do estado. Do tipo estaiada, a ponte ter\u00e1 760 metros de comprimento, com v\u00e3o livre de 470 metros, e contar\u00e1 com pista de 3,7 metros de largura em cada faixa, acostamento de 3 metros e cal\u00e7ada de 1,70 metro.<\/p>\n\n\n\n<p>Sob responsabilidade do governo paraguaio, uma terceira ponte entre os dois pa\u00edses ser\u00e1 constru\u00edda sobre o Rio Paraguai, ligando a cidade de Porto Murtinho, no Mato Grosso do Sul, a Carmelo Peralta, no Paraguai. Ela ser\u00e1 custeada pela margem paraguaia de Itaipu e dever\u00e1 facilitar o acesso do Brasil ao Oceano Pac\u00edfico e abrir mercados para as produ\u00e7\u00f5es de Mato Grosso e Mato Grosso do Sul.<\/p>\n\n\n\n<p>A soma dos investimentos da Itaipu em obras de infraestrutura \u00e9 de aproximadamente R$ 1,4 bilh\u00e3o. De acordo com o \u00f3rg\u00e3o, s\u00e3o obras que devem resolver diversos gargalos para o desenvolvimento regional. Nessa lista tamb\u00e9m est\u00e3o a duplica\u00e7\u00e3o da BR-469, a Rodovia das Cataratas, a amplia\u00e7\u00e3o da pista de pouso e de decolagem do Aeroporto Internacional de Foz do Igua\u00e7u e a constru\u00e7\u00e3o do Mercado Municipal de Foz do Igua\u00e7u.<\/p>\n\n\n\n<p>Edi\u00e7\u00e3o: Kleber Sampaio<\/p>\n","protected":false},"excerpt":{"rendered":"<p>Em Foz do Igua\u00e7u, ele se reunir\u00e1 com o presidente do pa\u00eds vizinho Por Andreia<\/p>\n","protected":false},"author":2,"featured_media":7114,"comment_status":"open","ping_status":"open","sticky":false,"template":"","format":"standard","meta":{"footnotes":""},"categories":[15],"tags":[],"class_list":["post-7113","post","type-post","status-publish","format-standard","has-post-thumbnail","hentry","category-politica"],"_links":{"self":[{"href":"https:\/\/tvc16.com\/portal\/wp-json\/wp\/v2\/posts\/7113","targetHints":{"allow":["GET"]}}],"collection":[{"href":"https:\/\/tvc16.com\/portal\/wp-json\/wp\/v2\/posts"}],"about":[{"href":"https:\/\/tvc16.com\/portal\/wp-json\/wp\/v2\/types\/post"}],"author":[{"embeddable":true,"href":"https:\/\/tvc16.com\/portal\/wp-json\/wp\/v2\/users\/2"}],"replies":[{"embeddable":true,"href":"https:\/\/tvc16.com\/portal\/wp-json\/wp\/v2\/comments?post=7113"}],"version-history":[{"count":1,"href":"https:\/\/tvc16.com\/portal\/wp-json\/wp\/v2\/posts\/7113\/revisions"}],"predecessor-version":[{"id":7115,"href":"https:\/\/tvc16.com\/portal\/wp-json\/wp\/v2\/posts\/7113\/revisions\/7115"}],"wp:featuredmedia":[{"embeddable":true,"href":"https:\/\/tvc16.com\/portal\/wp-json\/wp\/v2\/media\/7114"}],"wp:attachment":[{"href":"https:\/\/tvc16.com\/portal\/wp-json\/wp\/v2\/media?parent=7113"}],"wp:term":[{"taxonomy":"category","embeddable":true,"href":"https:\/\/tvc16.com\/portal\/wp-json\/wp\/v2\/categories?post=7113"},{"taxonomy":"post_tag","embeddable":true,"href":"https:\/\/tvc16.com\/portal\/wp-json\/wp\/v2\/tags?post=7113"}],"curies":[{"name":"wp","href":"https:\/\/api.w.org\/{rel}","templated":true}]}}