{"id":7116,"date":"2020-12-01T11:33:19","date_gmt":"2020-12-01T14:33:19","guid":{"rendered":"https:\/\/tvc16.com\/portal\/?p=7116"},"modified":"2020-12-01T11:33:22","modified_gmt":"2020-12-01T14:33:22","slug":"flamengo-encara-racing-por-vaga-nas-quartas-da-libertadores","status":"publish","type":"post","link":"https:\/\/tvc16.com\/portal\/2020\/12\/01\/flamengo-encara-racing-por-vaga-nas-quartas-da-libertadores\/","title":{"rendered":"Flamengo encara Racing por vaga nas quartas da Libertadores"},"content":{"rendered":"\n<h2 class=\"wp-block-heading\">No Maracan\u00e3, Rubro-Negro avan\u00e7a com 0 a 0 e qualquer vit\u00f3ria<\/h2>\n\n\n\n<h4 class=\"wp-block-heading\">Por Juliano Justo &#8211; Rep\u00f3rter da TV Brasil e da R\u00e1dio Nacional &#8211; S\u00e3o Paulo &#8211; Ag\u00eancia Brasil &#8211; S\u00e3o Paulo<\/h4>\n\n\n\n<p>No Maracan\u00e3, o Flamengo enfrenta o Racing pelo jogo de volta das oitavas de final da Copa Libertadores da Am\u00e9rica, a partir das 21h30 da noite desta&nbsp;ter\u00e7a-feira (01). A R\u00e1dio Nacional transmite a partida ao vivo a partir das 21h, com narra\u00e7\u00e3o de Rodrigo Campos, coment\u00e1rios de M\u00e1rio Silva, reportagens de Rafael Monteiro e plant\u00e3o de Luiz Ferreira.<img decoding=\"async\" src=\"https:\/\/agenciabrasil.ebc.com.br\/ebc.png?id=1395068&amp;o=node\"><img decoding=\"async\" src=\"https:\/\/agenciabrasil.ebc.com.br\/ebc.gif?id=1395068&amp;o=node\"><\/p>\n\n\n\n<p>Depois de empatar em 1 a 1 na Argentina, a equipe brasileira tem a vantagem de se classificar se empatar por 0 a 0, j\u00e1 que o gol fora de casa \u00e9 crit\u00e9rio de desempate nas competi\u00e7\u00f5es organizadas pelo Conmebol. Para esse importante confronto, o clube carioca chega descansado depois de folgar no \u00faltimo final de semana pelo Campeonato Brasileiro. A partida prevista para essa rodada, que seria contra o Gr\u00eamio, foi adiada e ainda n\u00e3o tem previs\u00e3o para ser disputada.<\/p>\n\n\n\n<p>Apesar da semana inteira que teve para preparar a equipe, o t\u00e9cnico Rog\u00e9rio Ceni continua com v\u00e1rios problemas. O artilheiro Gabriel Barbosa sentiu um desconforto muscular, n\u00e3o participou de alguns treinos e segue sendo d\u00favida. O zagueiro Rodrigo Caio, que est\u00e1 em processo de recupera\u00e7\u00e3o de uma les\u00e3o na panturrilha, continua no recondicionamento f\u00edsico. Enquanto isso, o centroavante Pedro, que teve uma les\u00e3o muscular de grau 2 enquanto estava com a Sele\u00e7\u00e3o Brasileira na \u00faltima janela das Eliminat\u00f3rias, conseguiu participar de todas as atividades com o grupo e \u00e9 o atleta mais perto de jogar. O lateral-direito Maur\u00edcio Isla \u00e9 outro que tem boas chances de atuar. O chileno est\u00e1 se recuperando de um edema na coxa esquerda, mas participou de algumas atividades com o restante do elenco durante a semana.<\/p>\n\n\n\n<p>Enquanto o Flamengo esteve fora do campo desde a partida de ida na Argentina, o Racing jogou no&nbsp;s\u00e1bado&nbsp;(28) pelo campeonato local. Em uma partida marcada por diversas homenagens ao \u00eddolo argentino Diego Maradona, falecido na&nbsp;quarta-feira (25), o t\u00e9cnico Sebasti\u00e1n Beccacece poupou praticamente todos os jogadores considerados titulares. Mesmo assim, a vit\u00f3ria veio pelo placar de 1 a 0 sobre o Union, com o gol marcado pelo Alcaraz aos 40 minutos do primeiro tempo. Apesar da vit\u00f3ria, o time segue na lanterna do grupo A do campeonato argentino com apenas tr\u00eas pontos em cinco jogos e j\u00e1 est\u00e1 eliminado da competi\u00e7\u00e3o.<br>&nbsp;<\/p>\n\n\n\n<p>Edi\u00e7\u00e3o: Carol Jardim<\/p>\n","protected":false},"excerpt":{"rendered":"<p>No Maracan\u00e3, Rubro-Negro avan\u00e7a com 0 a 0 e qualquer vit\u00f3ria Por Juliano Justo &#8211;<\/p>\n","protected":false},"author":2,"featured_media":7117,"comment_status":"open","ping_status":"open","sticky":false,"template":"","format":"standard","meta":{"footnotes":""},"categories":[20],"tags":[],"class_list":["post-7116","post","type-post","status-publish","format-standard","has-post-thumbnail","hentry","category-esporte"],"_links":{"self":[{"href":"https:\/\/tvc16.com\/portal\/wp-json\/wp\/v2\/posts\/7116","targetHints":{"allow":["GET"]}}],"collection":[{"href":"https:\/\/tvc16.com\/portal\/wp-json\/wp\/v2\/posts"}],"about":[{"href":"https:\/\/tvc16.com\/portal\/wp-json\/wp\/v2\/types\/post"}],"author":[{"embeddable":true,"href":"https:\/\/tvc16.com\/portal\/wp-json\/wp\/v2\/users\/2"}],"replies":[{"embeddable":true,"href":"https:\/\/tvc16.com\/portal\/wp-json\/wp\/v2\/comments?post=7116"}],"version-history":[{"count":1,"href":"https:\/\/tvc16.com\/portal\/wp-json\/wp\/v2\/posts\/7116\/revisions"}],"predecessor-version":[{"id":7118,"href":"https:\/\/tvc16.com\/portal\/wp-json\/wp\/v2\/posts\/7116\/revisions\/7118"}],"wp:featuredmedia":[{"embeddable":true,"href":"https:\/\/tvc16.com\/portal\/wp-json\/wp\/v2\/media\/7117"}],"wp:attachment":[{"href":"https:\/\/tvc16.com\/portal\/wp-json\/wp\/v2\/media?parent=7116"}],"wp:term":[{"taxonomy":"category","embeddable":true,"href":"https:\/\/tvc16.com\/portal\/wp-json\/wp\/v2\/categories?post=7116"},{"taxonomy":"post_tag","embeddable":true,"href":"https:\/\/tvc16.com\/portal\/wp-json\/wp\/v2\/tags?post=7116"}],"curies":[{"name":"wp","href":"https:\/\/api.w.org\/{rel}","templated":true}]}}