{"id":7119,"date":"2020-12-01T11:34:43","date_gmt":"2020-12-01T14:34:43","guid":{"rendered":"https:\/\/tvc16.com\/portal\/?p=7119"},"modified":"2020-12-01T11:34:46","modified_gmt":"2020-12-01T14:34:46","slug":"fraudes-no-seguro-desemprego-sao-alvo-da-pf-no-para","status":"publish","type":"post","link":"https:\/\/tvc16.com\/portal\/2020\/12\/01\/fraudes-no-seguro-desemprego-sao-alvo-da-pf-no-para\/","title":{"rendered":"Fraudes no seguro-desemprego s\u00e3o alvo da PF no Par\u00e1"},"content":{"rendered":"\n<h3 class=\"wp-block-heading\">Opera\u00e7\u00e3o Seguro Fake II cumpriu 16 mandados de busca e apreens\u00e3o<\/h3>\n\n\n\n<h4 class=\"wp-block-heading\">Por Karine Melo &#8211; Rep\u00f3rter Ag\u00eancia Brasil &#8211; Bras\u00edlia<\/h4>\n\n\n\n<p>Um esquema de fraudes ao seguro-desemprego&nbsp;e outros benef\u00edcios sociais no Par\u00e1 \u00e9 o alvo da Opera\u00e7\u00e3o Seguro Fake II, da Pol\u00edcia Federal, nesta ter\u00e7a-feira (1\u00ba).<img decoding=\"async\" src=\"https:\/\/agenciabrasil.ebc.com.br\/ebc.png?id=1395109&amp;o=node\"><img decoding=\"async\" src=\"https:\/\/agenciabrasil.ebc.com.br\/ebc.gif?id=1395109&amp;o=node\"><\/p>\n\n\n\n<p>Foram cumpridos 16 mandados de busca e apreens\u00e3o, expedidos pela 4\u00aa Vara Federal da Se\u00e7\u00e3o Judici\u00e1ria de Bel\u00e9m, a maioria deles relacionada&nbsp;a alvos localizados na cidade de Reden\u00e7\u00e3o (PA), sendo um dos mandados cumprido em Palmas.<\/p>\n\n\n\n<p>Ainda segundo a PF, a Justi\u00e7a determinou tamb\u00e9m a indisponibilidade de bens de quatro alvos, para fins de ressarcimento dos preju\u00edzos causados \u00e0 Fazenda P\u00fablica, que comprovadamente j\u00e1 ultrapassam o valor de R$ 1 milh\u00e3o.<\/p>\n\n\n\n<p>Os crimes investigados s\u00e3o o estelionato previdenci\u00e1rio, inser\u00e7\u00e3o de dados falsos em sistema de informa\u00e7\u00e3o e organiza\u00e7\u00e3o criminosa.<\/p>\n\n\n\n<p>Edi\u00e7\u00e3o: Val\u00e9ria Aguiar<\/p>\n","protected":false},"excerpt":{"rendered":"<p>Opera\u00e7\u00e3o Seguro Fake II cumpriu 16 mandados de busca e apreens\u00e3o Por Karine Melo &#8211;<\/p>\n","protected":false},"author":2,"featured_media":7120,"comment_status":"open","ping_status":"open","sticky":false,"template":"","format":"standard","meta":{"footnotes":""},"categories":[17],"tags":[],"class_list":["post-7119","post","type-post","status-publish","format-standard","has-post-thumbnail","hentry","category-outras-noticias"],"_links":{"self":[{"href":"https:\/\/tvc16.com\/portal\/wp-json\/wp\/v2\/posts\/7119","targetHints":{"allow":["GET"]}}],"collection":[{"href":"https:\/\/tvc16.com\/portal\/wp-json\/wp\/v2\/posts"}],"about":[{"href":"https:\/\/tvc16.com\/portal\/wp-json\/wp\/v2\/types\/post"}],"author":[{"embeddable":true,"href":"https:\/\/tvc16.com\/portal\/wp-json\/wp\/v2\/users\/2"}],"replies":[{"embeddable":true,"href":"https:\/\/tvc16.com\/portal\/wp-json\/wp\/v2\/comments?post=7119"}],"version-history":[{"count":1,"href":"https:\/\/tvc16.com\/portal\/wp-json\/wp\/v2\/posts\/7119\/revisions"}],"predecessor-version":[{"id":7121,"href":"https:\/\/tvc16.com\/portal\/wp-json\/wp\/v2\/posts\/7119\/revisions\/7121"}],"wp:featuredmedia":[{"embeddable":true,"href":"https:\/\/tvc16.com\/portal\/wp-json\/wp\/v2\/media\/7120"}],"wp:attachment":[{"href":"https:\/\/tvc16.com\/portal\/wp-json\/wp\/v2\/media?parent=7119"}],"wp:term":[{"taxonomy":"category","embeddable":true,"href":"https:\/\/tvc16.com\/portal\/wp-json\/wp\/v2\/categories?post=7119"},{"taxonomy":"post_tag","embeddable":true,"href":"https:\/\/tvc16.com\/portal\/wp-json\/wp\/v2\/tags?post=7119"}],"curies":[{"name":"wp","href":"https:\/\/api.w.org\/{rel}","templated":true}]}}