{"id":7131,"date":"2020-12-01T11:51:20","date_gmt":"2020-12-01T14:51:20","guid":{"rendered":"https:\/\/tvc16.com\/portal\/?p=7131"},"modified":"2020-12-01T11:51:23","modified_gmt":"2020-12-01T14:51:23","slug":"aumento-do-pedagio-de-rodovias-paulistas-entra-em-vigor","status":"publish","type":"post","link":"https:\/\/tvc16.com\/portal\/2020\/12\/01\/aumento-do-pedagio-de-rodovias-paulistas-entra-em-vigor\/","title":{"rendered":"Aumento do ped\u00e1gio de rodovias paulistas entra em vigor"},"content":{"rendered":"\n<h3 class=\"wp-block-heading\">\u00cdndice de aumento deve ser de 2,13%; percentual pode variar<\/h3>\n\n\n\n<h4 class=\"wp-block-heading\">Por Fl\u00e1via Albuquerque &#8211; Rep\u00f3rter da Ag\u00eancia Brasil &#8211; S\u00e3o Paulo<\/h4>\n\n\n\n<p>Entrou em vigor hoje (1) nas rodovias paulistas o reajuste contratual dos ped\u00e1gios. O aumento ocorre anualmente no dia 1\u00ba de julho, mas neste ano foi postergado devido \u00e0 pandemia de covid-19. Os aumentos valem para as rodovias Anchieta, Imigrantes, Anhanguera, Bandeirantes, Presidente Castelo Branco, Raposo Tavares, Ayrton Senna, Tamoios e Rodoanel.<img decoding=\"async\" src=\"https:\/\/agenciabrasil.ebc.com.br\/ebc.png?id=1395110&amp;o=node\"><img decoding=\"async\" src=\"https:\/\/agenciabrasil.ebc.com.br\/ebc.gif?id=1395110&amp;o=node\"><\/p>\n\n\n\n<p>Segundo a Ag\u00eancia de Transporte do Estado de S\u00e3o Paulo (Artesp), o reajuste tem como base a infla\u00e7\u00e3o medida pelo \u00cdndice Nacional de Pre\u00e7os ao Consumidor (IPCA). De maneira geral, o \u00edndice de aumento deve ser de 2,13%. Esse percentual pode variar dependendo do tipo de contrato e, tamb\u00e9m, da \u00e9poca em que a pista foi concedida.<\/p>\n\n\n\n<p>No Sistema-Imigrantes, que liga a capital paulista ao litoral, o valor para descida da serra na pra\u00e7a Riacho Grande (Km 31 da via Anchieta) tem um aumento de R$0,60, passando de R$ 27,40 para R$ 28,00. Na regi\u00e3o da Baixada Santista, a tarifa da pra\u00e7a de S\u00e3o Vicente (no km 280 da rodovia Padre Manoel da N\u00f3brega) continuar\u00e1 sendo de R$ 7,60. Na pra\u00e7a de Santos (km 250 da C\u00f4nego Dom\u00eanico Rangoni) a tarifa passa de R$ 12,80 para R$ 13,00.<\/p>\n\n\n\n<p>Para os ped\u00e1gios de bloqueios de Diadema (Km 16 da Imigrantes) de R$ 2,00 e do Eldorado (km 20 da Imigrantes) de R$ 3,80, n\u00e3o haver\u00e1 altera\u00e7\u00e3o. J\u00e1 na pra\u00e7a do Batistini (Km 24 da Imigrantes), o valor passa de R$ 6,20 para R$ 6,40.<\/p>\n\n\n\n<p>Edi\u00e7\u00e3o: Maria Claudia<\/p>\n","protected":false},"excerpt":{"rendered":"<p>\u00cdndice de aumento deve ser de 2,13%; percentual pode variar Por Fl\u00e1via Albuquerque &#8211; Rep\u00f3rter<\/p>\n","protected":false},"author":2,"featured_media":7132,"comment_status":"open","ping_status":"open","sticky":false,"template":"","format":"standard","meta":{"footnotes":""},"categories":[17],"tags":[],"class_list":["post-7131","post","type-post","status-publish","format-standard","has-post-thumbnail","hentry","category-outras-noticias"],"_links":{"self":[{"href":"https:\/\/tvc16.com\/portal\/wp-json\/wp\/v2\/posts\/7131","targetHints":{"allow":["GET"]}}],"collection":[{"href":"https:\/\/tvc16.com\/portal\/wp-json\/wp\/v2\/posts"}],"about":[{"href":"https:\/\/tvc16.com\/portal\/wp-json\/wp\/v2\/types\/post"}],"author":[{"embeddable":true,"href":"https:\/\/tvc16.com\/portal\/wp-json\/wp\/v2\/users\/2"}],"replies":[{"embeddable":true,"href":"https:\/\/tvc16.com\/portal\/wp-json\/wp\/v2\/comments?post=7131"}],"version-history":[{"count":1,"href":"https:\/\/tvc16.com\/portal\/wp-json\/wp\/v2\/posts\/7131\/revisions"}],"predecessor-version":[{"id":7133,"href":"https:\/\/tvc16.com\/portal\/wp-json\/wp\/v2\/posts\/7131\/revisions\/7133"}],"wp:featuredmedia":[{"embeddable":true,"href":"https:\/\/tvc16.com\/portal\/wp-json\/wp\/v2\/media\/7132"}],"wp:attachment":[{"href":"https:\/\/tvc16.com\/portal\/wp-json\/wp\/v2\/media?parent=7131"}],"wp:term":[{"taxonomy":"category","embeddable":true,"href":"https:\/\/tvc16.com\/portal\/wp-json\/wp\/v2\/categories?post=7131"},{"taxonomy":"post_tag","embeddable":true,"href":"https:\/\/tvc16.com\/portal\/wp-json\/wp\/v2\/tags?post=7131"}],"curies":[{"name":"wp","href":"https:\/\/api.w.org\/{rel}","templated":true}]}}