{"id":7137,"date":"2020-12-01T11:54:48","date_gmt":"2020-12-01T14:54:48","guid":{"rendered":"https:\/\/tvc16.com\/portal\/?p=7137"},"modified":"2020-12-01T11:54:51","modified_gmt":"2020-12-01T14:54:51","slug":"desmatamento-da-amazonia-sobe-95-e-atinge-11-mil-km2","status":"publish","type":"post","link":"https:\/\/tvc16.com\/portal\/2020\/12\/01\/desmatamento-da-amazonia-sobe-95-e-atinge-11-mil-km2\/","title":{"rendered":"Desmatamento da Amaz\u00f4nia sobe 9,5% e atinge 11 mil km2"},"content":{"rendered":"\n<h2 class=\"wp-block-heading\">Par\u00e1, Mato Grosso, Amazonas e Rond\u00f4nia s\u00e3o os estados mais atingidos<\/h2>\n\n\n\n<h4 class=\"wp-block-heading\"> Por Ag\u00eancia Brasil &#8211; Bras\u00edlia<\/h4>\n\n\n\n<p>O desmatamento na Amaz\u00f4nia foi de 11.088 quil\u00f4metros quadrados (km2) entre agosto de 2019 e julho de 2020, divulgou&nbsp;hoje&nbsp;(30) o Instituto Nacional de Pesquisas Espaciais (Inpe), \u00f3rg\u00e3o vinculado ao Minist\u00e9rio da Ci\u00eancia e Tecnologia. A \u00e1rea equivale a quase duas vezes o Distrito Federal (5.802 km2).<img decoding=\"async\" src=\"https:\/\/agenciabrasil.ebc.com.br\/ebc.png?id=1395087&amp;o=node\"><img decoding=\"async\" src=\"https:\/\/agenciabrasil.ebc.com.br\/ebc.gif?id=1395087&amp;o=node\"><\/p>\n\n\n\n<p>O n\u00famero, divulgado durante visita do vice-presidente Hamilton Mour\u00e3o \u00e0 sede do Inpe em S\u00e3o Jos\u00e9 dos Campos (SP), \u00e9 uma estimativa do Projeto de Monitoramento do Desmatamento na Amaz\u00f4nia Legal por Sat\u00e9lite (Prodes), sistema do Estado brasileiro que monitora a Amaz\u00f4nia. &#8220;S\u00e3o dados auditados, que tem por tr\u00e1s deles um trabalho muito intenso&#8221;, disse o ministro da Ci\u00eancia e Tecnologia, Marcos Pontes, tamb\u00e9m presente ao an\u00fancio.<\/p>\n\n\n\n<p>A \u00e1rea desmatada foi 9,5% maior do que os 10.129 km2 registrados em igual per\u00edodo anterior, entre agosto de 2018 e julho de 2019, informou o Inpe. Trata-se da&nbsp;quarta&nbsp;alta consecutiva. Mour\u00e3o, que preside o Conselho da Amaz\u00f4nia, disse que a atua\u00e7\u00e3o das For\u00e7as Armadas no combate ao problema neste ano come\u00e7ou tardiamente, em maio, mas que ainda assim foi capaz de reduzir um aumento ainda mais intenso, que era esperado na casa dos 20%.<\/p>\n\n\n\n<p>&#8220;Nao estamos aqui para comemorar nada disso, que isso n\u00e3o \u00e9 para comemorar, mas significa que os esfor\u00e7os que est\u00e3o sendo empreendidos come\u00e7am a render frutos&#8221;, disse o vice-presidente. Ele frisou que 85% do desmatamento ocorre em quatro estados (Par\u00e1, Mato Grosso, Amazonas e Rond\u00f4nia). &#8220;Temos consci\u00eancia de qual \u00e9 a \u00e1rea que devemos atuar&#8221;, afirmou.<\/p>\n\n\n\n<h2 class=\"wp-block-heading\">Veja entrevista na \u00edntegra<\/h2>\n\n\n\n<figure class=\"wp-block-embed-youtube wp-block-embed is-type-rich is-provider-incorporar-manipulador wp-embed-aspect-16-9 wp-has-aspect-ratio\"><div class=\"wp-block-embed__wrapper\">\n<iframe loading=\"lazy\" title=\"Coletiva de Imprensa com vice-presidente Hamilton Mour\u00e3o\" width=\"640\" height=\"360\" src=\"https:\/\/www.youtube.com\/embed\/M6NjVTP6Cr4?feature=oembed\" frameborder=\"0\" allow=\"accelerometer; autoplay; clipboard-write; encrypted-media; gyroscope; picture-in-picture; web-share\" referrerpolicy=\"strict-origin-when-cross-origin\" allowfullscreen><\/iframe>\n<\/div><\/figure>\n\n\n\n<p>Edi\u00e7\u00e3o: Liliane Farias<\/p>\n","protected":false},"excerpt":{"rendered":"<p>Par\u00e1, Mato Grosso, Amazonas e Rond\u00f4nia s\u00e3o os estados mais atingidos Por Ag\u00eancia Brasil &#8211;<\/p>\n","protected":false},"author":2,"featured_media":7139,"comment_status":"open","ping_status":"open","sticky":false,"template":"","format":"standard","meta":{"footnotes":""},"categories":[14],"tags":[],"class_list":["post-7137","post","type-post","status-publish","format-standard","has-post-thumbnail","hentry","category-pais"],"_links":{"self":[{"href":"https:\/\/tvc16.com\/portal\/wp-json\/wp\/v2\/posts\/7137","targetHints":{"allow":["GET"]}}],"collection":[{"href":"https:\/\/tvc16.com\/portal\/wp-json\/wp\/v2\/posts"}],"about":[{"href":"https:\/\/tvc16.com\/portal\/wp-json\/wp\/v2\/types\/post"}],"author":[{"embeddable":true,"href":"https:\/\/tvc16.com\/portal\/wp-json\/wp\/v2\/users\/2"}],"replies":[{"embeddable":true,"href":"https:\/\/tvc16.com\/portal\/wp-json\/wp\/v2\/comments?post=7137"}],"version-history":[{"count":1,"href":"https:\/\/tvc16.com\/portal\/wp-json\/wp\/v2\/posts\/7137\/revisions"}],"predecessor-version":[{"id":7140,"href":"https:\/\/tvc16.com\/portal\/wp-json\/wp\/v2\/posts\/7137\/revisions\/7140"}],"wp:featuredmedia":[{"embeddable":true,"href":"https:\/\/tvc16.com\/portal\/wp-json\/wp\/v2\/media\/7139"}],"wp:attachment":[{"href":"https:\/\/tvc16.com\/portal\/wp-json\/wp\/v2\/media?parent=7137"}],"wp:term":[{"taxonomy":"category","embeddable":true,"href":"https:\/\/tvc16.com\/portal\/wp-json\/wp\/v2\/categories?post=7137"},{"taxonomy":"post_tag","embeddable":true,"href":"https:\/\/tvc16.com\/portal\/wp-json\/wp\/v2\/tags?post=7137"}],"curies":[{"name":"wp","href":"https:\/\/api.w.org\/{rel}","templated":true}]}}