{"id":7141,"date":"2020-12-01T11:55:55","date_gmt":"2020-12-01T14:55:55","guid":{"rendered":"https:\/\/tvc16.com\/portal\/?p=7141"},"modified":"2020-12-01T11:55:58","modified_gmt":"2020-12-01T14:55:58","slug":"morre-mais-uma-vitima-do-acidente-de-transito-em-taguai","status":"publish","type":"post","link":"https:\/\/tvc16.com\/portal\/2020\/12\/01\/morre-mais-uma-vitima-do-acidente-de-transito-em-taguai\/","title":{"rendered":"Morre mais uma v\u00edtima do acidente de tr\u00e2nsito em Tagua\u00ed"},"content":{"rendered":"\n<h3 class=\"wp-block-heading\">Paciente estava internado em estado grave<\/h3>\n\n\n\n<h4 class=\"wp-block-heading\">Por Camila Boehm \u2013 Rep\u00f3rter da Ag\u00eancia Brasil &#8211; S\u00e3o Paulo<\/h4>\n\n\n\n<p>No \u00faltimo&nbsp;domingo&nbsp;(29), morreu mais uma v\u00edtima do acidente ocorrido nas proximidades de Tagua\u00ed, interior de S\u00e3o Paulo, na&nbsp;quarta-feira (25). O paciente estava internado no Pronto Socorro de Avar\u00e9 com quadro cl\u00ednico grave. Ao todo, morreram 42 pessoas no acidente.<img decoding=\"async\" src=\"https:\/\/agenciabrasil.ebc.com.br\/ebc.png?id=1395091&amp;o=node\"><img decoding=\"async\" src=\"https:\/\/agenciabrasil.ebc.com.br\/ebc.gif?id=1395091&amp;o=node\"><\/p>\n\n\n\n<p>Segundo informa\u00e7\u00f5es da Secretaria de Sa\u00fade do Estado, 15 sobreviventes foram socorridos ap\u00f3s o acidente na rodovia SP-249 e levados a hospitais do interior do estado, sendo que sete tiveram alta hospitalar ap\u00f3s melhora cl\u00ednica.<\/p>\n\n\n\n<p>Tr\u00eas dos socorridos continuam internados, sendo um no Hospital das Cl\u00ednicas da Faculdade de Medicina de Botucatu e 2 na Santa Casa de Avar\u00e9. Os outros quatro socorridos morreram devido \u00e0 gravidade cl\u00ednica antes mesmo de dar entrada nos servi\u00e7os de sa\u00fade.<\/p>\n\n\n\n<p>O acidente, na Rodovia Alfredo de Oliveira Carvalho (SP-249), entre os munic\u00edpios de Tagua\u00ed e Taquarituba, resultou de um choque entre um \u00f4nibus que transportava funcion\u00e1rios de uma empresa t\u00eaxtil da regi\u00e3o e um caminh\u00e3o. De acordo com informa\u00e7\u00f5es do governo estadual, a maioria das v\u00edtimas fatais era natural de Ita\u00ed.<\/p>\n\n\n\n<p>Edi\u00e7\u00e3o: Liliane Farias<\/p>\n","protected":false},"excerpt":{"rendered":"<p>Paciente estava internado em estado grave Por Camila Boehm \u2013 Rep\u00f3rter da Ag\u00eancia Brasil &#8211;<\/p>\n","protected":false},"author":2,"featured_media":7142,"comment_status":"open","ping_status":"open","sticky":false,"template":"","format":"standard","meta":{"footnotes":""},"categories":[14],"tags":[],"class_list":["post-7141","post","type-post","status-publish","format-standard","has-post-thumbnail","hentry","category-pais"],"_links":{"self":[{"href":"https:\/\/tvc16.com\/portal\/wp-json\/wp\/v2\/posts\/7141","targetHints":{"allow":["GET"]}}],"collection":[{"href":"https:\/\/tvc16.com\/portal\/wp-json\/wp\/v2\/posts"}],"about":[{"href":"https:\/\/tvc16.com\/portal\/wp-json\/wp\/v2\/types\/post"}],"author":[{"embeddable":true,"href":"https:\/\/tvc16.com\/portal\/wp-json\/wp\/v2\/users\/2"}],"replies":[{"embeddable":true,"href":"https:\/\/tvc16.com\/portal\/wp-json\/wp\/v2\/comments?post=7141"}],"version-history":[{"count":1,"href":"https:\/\/tvc16.com\/portal\/wp-json\/wp\/v2\/posts\/7141\/revisions"}],"predecessor-version":[{"id":7143,"href":"https:\/\/tvc16.com\/portal\/wp-json\/wp\/v2\/posts\/7141\/revisions\/7143"}],"wp:featuredmedia":[{"embeddable":true,"href":"https:\/\/tvc16.com\/portal\/wp-json\/wp\/v2\/media\/7142"}],"wp:attachment":[{"href":"https:\/\/tvc16.com\/portal\/wp-json\/wp\/v2\/media?parent=7141"}],"wp:term":[{"taxonomy":"category","embeddable":true,"href":"https:\/\/tvc16.com\/portal\/wp-json\/wp\/v2\/categories?post=7141"},{"taxonomy":"post_tag","embeddable":true,"href":"https:\/\/tvc16.com\/portal\/wp-json\/wp\/v2\/tags?post=7141"}],"curies":[{"name":"wp","href":"https:\/\/api.w.org\/{rel}","templated":true}]}}