{"id":7151,"date":"2020-12-01T22:36:52","date_gmt":"2020-12-02T01:36:52","guid":{"rendered":"https:\/\/tvc16.com\/portal\/?p=7151"},"modified":"2020-12-01T22:36:54","modified_gmt":"2020-12-02T01:36:54","slug":"mais-seis-pessoas-morrem-de-covid-19-em-petropolis","status":"publish","type":"post","link":"https:\/\/tvc16.com\/portal\/2020\/12\/01\/mais-seis-pessoas-morrem-de-covid-19-em-petropolis\/","title":{"rendered":"Mais seis pessoas morrem de Covid-19 em Petr\u00f3polis"},"content":{"rendered":"\n<p>Mais seis mortes causadas pelo novo coronav\u00edrus foram registradas em Petr\u00f3polis nesta ter\u00e7a-feira (01). A cidade soma agora 310 \u00f3bitos causados pela doen\u00e7a. As informa\u00e7\u00f5es foram divulgadas pela Secretaria Municipal de Sa\u00fade. A cidade contabilizou tamb\u00e9m, nas \u00faltimas 24 horas, mais 24 casos de pacientes infectados. H\u00e1, ainda, 107 pacientes internados, podendo ser casos positivos. <\/p>\n\n\n\n<p>O munic\u00edpio contabiliza pelo SUS 66,67% dos leitos cl\u00ednicos e 65% de UTI ocupados com pacientes infectados com coronav\u00edrus. Com o aumento no n\u00famero de \u00f3bitos e pacientes infectados, a Defensoria P\u00fablica do Estado do Rio de Janeiro recomendou ao munic\u00edpio de Petr\u00f3polis a imediata cria\u00e7\u00e3o de mais leitos para pacientes infectados pela covid-19 e que sejam adotadas as medidas necess\u00e1rias para enfrentamento \u00e0 doen\u00e7a na cidade. <\/p>\n\n\n\n<p>A prefeitura tem 48 horas para responder as recomenda\u00e7\u00f5es. Entre os \u00f3bitos confirmados est\u00e3o: <\/p>\n\n\n\n<p>Um homem, de 54 anos, que era morador de Pedro do Rio. Ele foi internado no dia 9 de novembro e faleceu no dia 20 do mesmo m\u00ea, no SMH. O paciente era obeso.<\/p>\n\n\n\n<p>Um homem, de 66 anos, morador do Caxambu. Ele foi internado dia 19 de novembro e faleceu nesta ter\u00e7a-feira (01\/12), na Unimed. O paciente tinha diabetes e hipertens\u00e3o arterial.<\/p>\n\n\n\n<p>Uma mulher, de 80 anos, moradora do Centro. Ela foi internada no dia 23 de novembro e faleceu dia 26 do mesmo m\u00eas, na Unimed. O paciente tinha cardiopatia isqu\u00eamica\/hipertensiva cr\u00f4nica.<\/p>\n\n\n\n<p>Um homem, de 74 anos, morador de Itaipava. Ele foi internado no dia 24 de novembro e faleceu dia 25 do mesmo m\u00eas, no HMNSE. O paciente tinha diabetes, doen\u00e7a arterial obliterante perif\u00e9rica.<\/p>\n\n\n\n<p>Uma mulher, de 77 anos, morador de Itaipava. Ele foi internado dia 30 de novembro e faleceu no mesmo dia na UPA do Centro. O paciente tinha hipertens\u00e3o arterial e depress\u00e3o.<\/p>\n\n\n\n<p>Um homem, de 64 anos, morador do Itamarati. Ele foi internado dia 5 de novembro e faleceu no dia 15 do mesmo m\u00eas, no HNSA. O paciente tinha hipertens\u00e3o arterial e diabetes.<\/p>\n\n\n\n<p>Segundo o boletim epidemiol\u00f3gico, at\u00e9 o momento, foram realizados 81.260 testes na cidade. Desses, 71.090 resultaram negativos, 9.424 positivos e 746 est\u00e3o em an\u00e1lise, entre PCR e testes r\u00e1pidos. Do total de pacientes que testaram positivo, 7.806 est\u00e3o recuperados do coronav\u00edrus. Esse n\u00famero se refere \u00e0s pessoas que estiveram internadas nas unidades hospitalares da cidade ou que se mantiveram em isolamento domiciliar e que, hoje, n\u00e3o apresentam mais os principais sintomas da doen\u00e7a.<\/p>\n","protected":false},"excerpt":{"rendered":"<p>Mais seis mortes causadas pelo novo coronav\u00edrus foram registradas em Petr\u00f3polis nesta ter\u00e7a-feira (01). A<\/p>\n","protected":false},"author":2,"featured_media":7152,"comment_status":"open","ping_status":"open","sticky":false,"template":"","format":"standard","meta":{"footnotes":""},"categories":[12],"tags":[],"class_list":["post-7151","post","type-post","status-publish","format-standard","has-post-thumbnail","hentry","category-cidade"],"_links":{"self":[{"href":"https:\/\/tvc16.com\/portal\/wp-json\/wp\/v2\/posts\/7151","targetHints":{"allow":["GET"]}}],"collection":[{"href":"https:\/\/tvc16.com\/portal\/wp-json\/wp\/v2\/posts"}],"about":[{"href":"https:\/\/tvc16.com\/portal\/wp-json\/wp\/v2\/types\/post"}],"author":[{"embeddable":true,"href":"https:\/\/tvc16.com\/portal\/wp-json\/wp\/v2\/users\/2"}],"replies":[{"embeddable":true,"href":"https:\/\/tvc16.com\/portal\/wp-json\/wp\/v2\/comments?post=7151"}],"version-history":[{"count":1,"href":"https:\/\/tvc16.com\/portal\/wp-json\/wp\/v2\/posts\/7151\/revisions"}],"predecessor-version":[{"id":7153,"href":"https:\/\/tvc16.com\/portal\/wp-json\/wp\/v2\/posts\/7151\/revisions\/7153"}],"wp:featuredmedia":[{"embeddable":true,"href":"https:\/\/tvc16.com\/portal\/wp-json\/wp\/v2\/media\/7152"}],"wp:attachment":[{"href":"https:\/\/tvc16.com\/portal\/wp-json\/wp\/v2\/media?parent=7151"}],"wp:term":[{"taxonomy":"category","embeddable":true,"href":"https:\/\/tvc16.com\/portal\/wp-json\/wp\/v2\/categories?post=7151"},{"taxonomy":"post_tag","embeddable":true,"href":"https:\/\/tvc16.com\/portal\/wp-json\/wp\/v2\/tags?post=7151"}],"curies":[{"name":"wp","href":"https:\/\/api.w.org\/{rel}","templated":true}]}}