{"id":7157,"date":"2020-12-01T22:42:22","date_gmt":"2020-12-02T01:42:22","guid":{"rendered":"https:\/\/tvc16.com\/portal\/?p=7157"},"modified":"2020-12-01T22:42:24","modified_gmt":"2020-12-02T01:42:24","slug":"balanca-comercial-registra-superavit-de-us-373-bi-em-novembro","status":"publish","type":"post","link":"https:\/\/tvc16.com\/portal\/2020\/12\/01\/balanca-comercial-registra-superavit-de-us-373-bi-em-novembro\/","title":{"rendered":"Balan\u00e7a comercial registra super\u00e1vit de US$ 3,73 bi em novembro"},"content":{"rendered":"\n<h3 class=\"wp-block-heading\">Saldo \u00e9 4,7% maior que o registrado no mesmo m\u00eas de 2019<\/h3>\n\n\n\n<h4 class=\"wp-block-heading\">Por Wellton M\u00e1ximo \u2013 Rep\u00f3rter da Ag\u00eancia Brasil &#8211; Bras\u00edlia<\/h4>\n\n\n\n<p>A balan\u00e7a comercial registrou, em novembro, o terceiro maior super\u00e1vit para o m\u00eas. O pa\u00eds exportou US$ 3,732 bilh\u00f5es a mais do que importou, divulgou hoje (1\u00ba) Minist\u00e9rio da Economia. Isso representa crescimento de 4,7% em rela\u00e7\u00e3o ao mesmo m\u00eas do ano passado, quando o super\u00e1vit atingiu US$ 3,565 bilh\u00f5es.<img decoding=\"async\" src=\"https:\/\/agenciabrasil.ebc.com.br\/ebc.png?id=1395157&amp;o=node\"><img decoding=\"async\" src=\"https:\/\/agenciabrasil.ebc.com.br\/ebc.gif?id=1395157&amp;o=node\"><\/p>\n\n\n\n<p>O resultado s\u00f3 perde para novembro de 2016 (super\u00e1vit de US$ 4,75 bilh\u00f5es) e de 2018 (super\u00e1vit de US$ 4,08 bilh\u00f5es). No m\u00eas passado, o pa\u00eds vendeu US$ 17,531 bilh\u00f5es para o exterior, com queda de 1,2% pelo crit\u00e9rio da m\u00e9dia di\u00e1ria em rela\u00e7\u00e3o ao mesmo m\u00eas do ano passado. As importa\u00e7\u00f5es, no entanto, ca\u00edram mais, somando US$ 13,799 bilh\u00f5es, redu\u00e7\u00e3o de 2,6% tamb\u00e9m pela m\u00e9dia di\u00e1ria.<\/p>\n\n\n\n<p>Com o resultado do m\u00eas passado, a balan\u00e7a comercial acumula super\u00e1vit de US$ 51,159 bilh\u00f5es de janeiro a novembro. Esse tamb\u00e9m \u00e9 o terceiro melhor resultado da s\u00e9rie hist\u00f3rica para o per\u00edodo, perdendo para janeiro a novembro de 2017 (super\u00e1vit de US$ 61,992 bilh\u00f5es) e de 2018 (super\u00e1vit de US$ 51,605 bilh\u00f5es). No acumulado de 2020, as exporta\u00e7\u00f5es somam US$ 191,678 bilh\u00f5es, retra\u00e7\u00e3o de 6,1% na compara\u00e7\u00e3o com o mesmo per\u00edodo de 2019, pela m\u00e9dia di\u00e1ria. As importa\u00e7\u00f5es totalizam US$ 140,518 bilh\u00f5es, recuo de 13,6% pelo mesmo crit\u00e9rio.<\/p>\n\n\n\n<h2 class=\"wp-block-heading\">Categorias<\/h2>\n\n\n\n<p>A maior parte da alta do saldo em novembro \u00e9 explicada pelo aumento de 26,93% na m\u00e9dia di\u00e1ria de exporta\u00e7\u00f5es da ind\u00fastria extrativa, com destaque para o min\u00e9rio de ferro e o petr\u00f3leo bruto. Essa eleva\u00e7\u00e3o compensou o recuo de 21,87% na m\u00e9dia di\u00e1ria de vendas da agropecu\u00e1ria para o exterior.<\/p>\n\n\n\n<p>Com a antecipa\u00e7\u00e3o de embarques que ocorreu neste ano, as exporta\u00e7\u00f5es de soja ca\u00edram 70% em novembro na compara\u00e7\u00e3o com o mesmo m\u00eas de 2019, tamb\u00e9m pelo crit\u00e9rio da m\u00e9dia di\u00e1ria.<\/p>\n\n\n\n<p>A ind\u00fastria de transforma\u00e7\u00e3o exportou 2,92% a menos em novembro pela m\u00e9dia di\u00e1ria em rela\u00e7\u00e3o ao mesmo m\u00eas do ano passado. Os principais produtos que afetaram a queda foram os combust\u00edveis, com recuo de 35,5%, e aeronaves e componentes, com retra\u00e7\u00e3o de 44% pela m\u00e9dia di\u00e1ria.<\/p>\n\n\n\n<p>Do lado das importa\u00e7\u00f5es, a queda decorreu principalmente do recuo nas compras de petr\u00f3leo bruto (-63,7%) e de estruturas de ferro e de a\u00e7o (-49,5%).<\/p>\n\n\n\n<h2 class=\"wp-block-heading\">Estimativas<\/h2>\n\n\n\n<p>Depois de o saldo da balan\u00e7a comercial ter encerrado 2019 em US$ 48,035 bilh\u00f5es, o segundo maior resultado positivo da hist\u00f3ria, o mercado estima menor volume de com\u00e9rcio em 2020, por causa da pandemia do novo coronav\u00edrus. No entanto, a retra\u00e7\u00e3o das importa\u00e7\u00f5es em ritmo maior que a das exporta\u00e7\u00f5es elevou as proje\u00e7\u00f5es de saldo.<\/p>\n\n\n\n<p>Segundo o boletim Focus, pesquisa semanal com institui\u00e7\u00f5es financeiras divulgada pelo Banco Central, os analistas de mercado preveem super\u00e1vit de US$ 57,9 bilh\u00f5es para este ano. O Minist\u00e9rio da Economia estima saldo positivo de US$ 55 bilh\u00f5es para 2020.<\/p>\n\n\n\n<p>Edi\u00e7\u00e3o: Kelly Oliveira<\/p>\n","protected":false},"excerpt":{"rendered":"<p>Saldo \u00e9 4,7% maior que o registrado no mesmo m\u00eas de 2019 Por Wellton M\u00e1ximo<\/p>\n","protected":false},"author":2,"featured_media":7158,"comment_status":"open","ping_status":"open","sticky":false,"template":"","format":"standard","meta":{"footnotes":""},"categories":[18],"tags":[],"class_list":["post-7157","post","type-post","status-publish","format-standard","has-post-thumbnail","hentry","category-economia"],"_links":{"self":[{"href":"https:\/\/tvc16.com\/portal\/wp-json\/wp\/v2\/posts\/7157","targetHints":{"allow":["GET"]}}],"collection":[{"href":"https:\/\/tvc16.com\/portal\/wp-json\/wp\/v2\/posts"}],"about":[{"href":"https:\/\/tvc16.com\/portal\/wp-json\/wp\/v2\/types\/post"}],"author":[{"embeddable":true,"href":"https:\/\/tvc16.com\/portal\/wp-json\/wp\/v2\/users\/2"}],"replies":[{"embeddable":true,"href":"https:\/\/tvc16.com\/portal\/wp-json\/wp\/v2\/comments?post=7157"}],"version-history":[{"count":1,"href":"https:\/\/tvc16.com\/portal\/wp-json\/wp\/v2\/posts\/7157\/revisions"}],"predecessor-version":[{"id":7159,"href":"https:\/\/tvc16.com\/portal\/wp-json\/wp\/v2\/posts\/7157\/revisions\/7159"}],"wp:featuredmedia":[{"embeddable":true,"href":"https:\/\/tvc16.com\/portal\/wp-json\/wp\/v2\/media\/7158"}],"wp:attachment":[{"href":"https:\/\/tvc16.com\/portal\/wp-json\/wp\/v2\/media?parent=7157"}],"wp:term":[{"taxonomy":"category","embeddable":true,"href":"https:\/\/tvc16.com\/portal\/wp-json\/wp\/v2\/categories?post=7157"},{"taxonomy":"post_tag","embeddable":true,"href":"https:\/\/tvc16.com\/portal\/wp-json\/wp\/v2\/tags?post=7157"}],"curies":[{"name":"wp","href":"https:\/\/api.w.org\/{rel}","templated":true}]}}