{"id":7160,"date":"2020-12-01T22:43:08","date_gmt":"2020-12-02T01:43:08","guid":{"rendered":"https:\/\/tvc16.com\/portal\/?p=7160"},"modified":"2020-12-01T22:43:11","modified_gmt":"2020-12-02T01:43:11","slug":"dolar-cai-para-menor-valor-em-quatro-meses-com-euforia-externa","status":"publish","type":"post","link":"https:\/\/tvc16.com\/portal\/2020\/12\/01\/dolar-cai-para-menor-valor-em-quatro-meses-com-euforia-externa\/","title":{"rendered":"D\u00f3lar cai para menor valor em quatro meses com euforia externa"},"content":{"rendered":"\n<h3 class=\"wp-block-heading\">Bolsa sobe mais de 2% e atinge n\u00edvel mais alto desde fevereiro<\/h3>\n\n\n\n<h4 class=\"wp-block-heading\">Por Wellton M\u00e1ximo &#8211; Rep\u00f3rter da Ag\u00eancia Brasil &#8211; Bras\u00edlia<\/h4>\n\n\n\n<p>Em um dia marcado pela euforia no mercado externo, o d\u00f3lar fechou na menor cota\u00e7\u00e3o em quatro meses. A bolsa subiu mais de 2% e chegou ao n\u00edvel mais alto desde o fim de fevereiro.<img decoding=\"async\" src=\"https:\/\/agenciabrasil.ebc.com.br\/ebc.png?id=1395173&amp;o=node\"><img decoding=\"async\" src=\"https:\/\/agenciabrasil.ebc.com.br\/ebc.gif?id=1395173&amp;o=node\"><\/p>\n\n\n\n<p>O d\u00f3lar comercial fechou esta segunda-feira (1\u00ba) vendido a R$ 5,228, com recuo de R$ 0,118 (-2,21%). A divisa est\u00e1 no menor valor desde 31 de julho, quando tinha fechado em R$ 5,218.<\/p>\n\n\n\n<p>No mercado de a\u00e7\u00f5es, o dia tamb\u00e9m foi marcado pelo otimismo. O \u00edndice Ibovespa, da B3, fechou esta segunda aos 111.216 pontos, com alta de 2,13%.<\/p>\n\n\n\n<p>Depois da realiza\u00e7\u00e3o de lucros ontem (30), quando investidores vendem a\u00e7\u00f5es para embolsarem ganhos recentes, o Ibovespa voltou a subir e est\u00e1 no melhor n\u00edvel de fechamento desde 21 de fevereiro, quando tinha fechado em torno dos 113 mil pontos.<\/p>\n\n\n\n<p>Em rela\u00e7\u00e3o ao ambiente internacional, o mercado est\u00e1 otimista com a expectativa de que a administra\u00e7\u00e3o de Joe Biden injete dinheiro na economia norte-americana, o que estimula a migra\u00e7\u00e3o de capitais para pa\u00edses emergentes, como o Brasil.<\/p>\n\n\n\n<p>Ao apresentar a equipe econ\u00f4mica, Biden pediu ao Congresso que aprove um pacote de US$ 908 bilh\u00f5es em est\u00edmulos para enfrentar a crise decorrente do coronav\u00edrus. O pacote anterior venceu em julho, e a renova\u00e7\u00e3o ficou paralisada por causa das elei\u00e7\u00f5es norte-americanas.<\/p>\n\n\n\n<p>No Brasil, o an\u00fancio do presidente do Senado, Davi Alcolumbre, de que pretende p\u00f4r em pauta no pr\u00f3ximo dia 16 a vota\u00e7\u00e3o da Lei de Diretrizes Or\u00e7ament\u00e1rias (LDO) de 2021 tamb\u00e9m trouxe al\u00edvio aos investidores. A vota\u00e7\u00e3o indicar\u00e1 um rumo para as negocia\u00e7\u00f5es do or\u00e7amento do pr\u00f3ximo ano.<\/p>\n\n\n\n<p><em>* Com informa\u00e7\u00f5es da Reuters<\/em><\/p>\n\n\n\n<p>Edi\u00e7\u00e3o: Pedro Ivo de Oliveira<\/p>\n","protected":false},"excerpt":{"rendered":"<p>Bolsa sobe mais de 2% e atinge n\u00edvel mais alto desde fevereiro Por Wellton M\u00e1ximo<\/p>\n","protected":false},"author":2,"featured_media":7161,"comment_status":"open","ping_status":"open","sticky":false,"template":"","format":"standard","meta":{"footnotes":""},"categories":[18],"tags":[],"class_list":["post-7160","post","type-post","status-publish","format-standard","has-post-thumbnail","hentry","category-economia"],"_links":{"self":[{"href":"https:\/\/tvc16.com\/portal\/wp-json\/wp\/v2\/posts\/7160","targetHints":{"allow":["GET"]}}],"collection":[{"href":"https:\/\/tvc16.com\/portal\/wp-json\/wp\/v2\/posts"}],"about":[{"href":"https:\/\/tvc16.com\/portal\/wp-json\/wp\/v2\/types\/post"}],"author":[{"embeddable":true,"href":"https:\/\/tvc16.com\/portal\/wp-json\/wp\/v2\/users\/2"}],"replies":[{"embeddable":true,"href":"https:\/\/tvc16.com\/portal\/wp-json\/wp\/v2\/comments?post=7160"}],"version-history":[{"count":1,"href":"https:\/\/tvc16.com\/portal\/wp-json\/wp\/v2\/posts\/7160\/revisions"}],"predecessor-version":[{"id":7162,"href":"https:\/\/tvc16.com\/portal\/wp-json\/wp\/v2\/posts\/7160\/revisions\/7162"}],"wp:featuredmedia":[{"embeddable":true,"href":"https:\/\/tvc16.com\/portal\/wp-json\/wp\/v2\/media\/7161"}],"wp:attachment":[{"href":"https:\/\/tvc16.com\/portal\/wp-json\/wp\/v2\/media?parent=7160"}],"wp:term":[{"taxonomy":"category","embeddable":true,"href":"https:\/\/tvc16.com\/portal\/wp-json\/wp\/v2\/categories?post=7160"},{"taxonomy":"post_tag","embeddable":true,"href":"https:\/\/tvc16.com\/portal\/wp-json\/wp\/v2\/tags?post=7160"}],"curies":[{"name":"wp","href":"https:\/\/api.w.org\/{rel}","templated":true}]}}