{"id":7166,"date":"2020-12-01T22:45:23","date_gmt":"2020-12-02T01:45:23","guid":{"rendered":"https:\/\/tvc16.com\/portal\/?p=7166"},"modified":"2020-12-01T22:45:25","modified_gmt":"2020-12-02T01:45:25","slug":"governador-do-rio-anuncia-megatestagem-e-descarta-mais-restricoes","status":"publish","type":"post","link":"https:\/\/tvc16.com\/portal\/2020\/12\/01\/governador-do-rio-anuncia-megatestagem-e-descarta-mais-restricoes\/","title":{"rendered":"Governador do Rio anuncia megatestagem e descarta mais restri\u00e7\u00f5es"},"content":{"rendered":"\n<h3 class=\"wp-block-heading\">Claudio Castro afirmou que n\u00e3o adotar\u00e1 exemplo de outros estados<\/h3>\n\n\n\n<h4 class=\"wp-block-heading\">Por Vladimir Platonow &#8211; Rep\u00f3rter da Ag\u00eancia Brasil &#8211; Rio de Janeiro<\/h4>\n\n\n\n<p>O governador em exerc\u00edcio do Rio de Janeiro, Claudio Castro, anunciou que come\u00e7ar\u00e1, na pr\u00f3xima quinta-feira (3), um processo de testagem em massa da popula\u00e7\u00e3o e disse que n\u00e3o voltar\u00e1 atr\u00e1s na flexibiliza\u00e7\u00e3o das medidas contra a covid-19. Ele falou com a imprensa no Pal\u00e1cio Guanabara, na tarde desta ter\u00e7a-feira (1), ao lado do prefeito eleito, Eduardo Paes.<img decoding=\"async\" src=\"https:\/\/agenciabrasil.ebc.com.br\/ebc.png?id=1395170&amp;o=node\"><img decoding=\"async\" src=\"https:\/\/agenciabrasil.ebc.com.br\/ebc.gif?id=1395170&amp;o=node\"><\/p>\n\n\n\n<p>\u201cN\u00f3s come\u00e7amos na quinta-feira a testagem, tamb\u00e9m come\u00e7a o diagn\u00f3stico precoce [com tomografia computadorizada]. Come\u00e7amos em cinco locais, incluindo Rio, Baixada e S\u00e3o Gon\u00e7alo, para que a gente possa fazer essa testagem em massa, isolando essas pessoas, com [exame] PCR\u201d, disse Castro.<\/p>\n\n\n\n<p>Segundo a Secretaria Estadual de Sa\u00fade (SES), ser\u00e3o abertos tr\u00eas centros de testagem esta semana, com capacidade para 1,5 mil testes por dia. Duas no munic\u00edpio de S\u00e3o Gon\u00e7alo: uma no Hospital Estadual Alberto Torres e outra na Unidade de Pronto Atendimento do Coluband\u00ea. A terceira unidade ser\u00e1&nbsp;em Volta Redonda, no Hospital Zilda Arns Neumann. Os testes dever\u00e3o ser agendados pelo aplicativo Dados do bem. Outros postos devem dar abertos na pr\u00f3xima semana.&nbsp;<\/p>\n\n\n\n<p>Perguntado se o Rio daria um passo atr\u00e1s nas medidas de isolamento social, como fizeram os estados do Rio Grande do Sul e S\u00e3o Paulo, por exemplo, o governador descartou tomar medidas neste sentido, alegando que haver\u00e1 aumento de leitos e maior fiscaliza\u00e7\u00e3o de aglomera\u00e7\u00f5es. Segundo ele, \u00e9 importante que a economia n\u00e3o seja freada.<\/p>\n\n\n\n<p>\u201cEstamos aumentando essa base de leitos. Mais de 40 eventos foram fechados, fiscalizamos duramente esses eventos. Essas medidas n\u00f3s consideramos necess\u00e1rias, para que possamos ter um bom Natal. Tamb\u00e9m com as pessoas empregadas, com a economia funcionando e a gente podendo botar comida dentro de casa\u201d, salientou Castro.<\/p>\n\n\n\n<p>O prefeito eleito do Rio, Eduardo Paes, tamb\u00e9m refutou a ideia de se fazer<em>&nbsp;lockdown<\/em>&nbsp;&#8211; que consiste em medidas restritas de circula\u00e7\u00e3o em vias p\u00fablicas e o fechamento de estabelecimentos comerciais n\u00e3o essenciais &#8211; assim que ele assumir, no dia 1\u00ba de janeiro.<\/p>\n\n\n\n<p>\u201cEu defendo que a gente implemente medidas que possam ser cumpridas pela popula\u00e7\u00e3o. N\u00e3o me parece, diante das circunst\u00e2ncias de hoje, que o&nbsp;<em>lockdown<\/em>&nbsp;seja a medida mais adequada. Primeiro temos que fazer cumprir as restri\u00e7\u00f5es que est\u00e3o colocadas e as pessoas n\u00e3o est\u00e3o cumprindo\u201d, disse Paes.<\/p>\n\n\n\n<h2 class=\"wp-block-heading\">Recomenda\u00e7\u00e3o da UFRJ<\/h2>\n\n\n\n<p>O avan\u00e7o da pandemia de novo coronav\u00edrus no Rio de Janeiro levou pesquisadores do Grupo de Trabalho Multidisciplinar para o Enfrentamento da Covid-19, da Universidade Federal do Rio de Janeiro (UFRJ), a recomendarem&nbsp;<a href=\"https:\/\/agenciabrasil.ebc.com.br\/saude\/noticia\/2020-12\/covid-19-pesquisadores-pedem-recuo-na-flexibilizacao-no-rio\" target=\"_blank\" rel=\"noreferrer noopener\">medidas urgentes<\/a>&nbsp;para conter o n\u00famero de de casos, \u00f3bitos e interna\u00e7\u00f5es verificado em novembro.<\/p>\n\n\n\n<p>A amplia\u00e7\u00e3o do n\u00famero de leitos e da testagem, o fechamento das praias, a suspens\u00e3o de eventos e a limita\u00e7\u00e3o do hor\u00e1rio de funcionamento dos estabelecimentos, com fiscaliza\u00e7\u00e3o rigorosa est\u00e3o entre as orienta\u00e7\u00f5es.<\/p>\n\n\n\n<p><em>*Mat\u00e9ria atualizada \u00e0s 21h para acr\u00e9scimo de informa\u00e7\u00f5es.<\/em><\/p>\n\n\n\n<p>Edi\u00e7\u00e3o: Pedro Ivo de Oliveira<\/p>\n","protected":false},"excerpt":{"rendered":"<p>Claudio Castro afirmou que n\u00e3o adotar\u00e1 exemplo de outros estados Por Vladimir Platonow &#8211; Rep\u00f3rter<\/p>\n","protected":false},"author":2,"featured_media":7167,"comment_status":"open","ping_status":"open","sticky":false,"template":"","format":"standard","meta":{"footnotes":""},"categories":[15],"tags":[],"class_list":["post-7166","post","type-post","status-publish","format-standard","has-post-thumbnail","hentry","category-politica"],"_links":{"self":[{"href":"https:\/\/tvc16.com\/portal\/wp-json\/wp\/v2\/posts\/7166","targetHints":{"allow":["GET"]}}],"collection":[{"href":"https:\/\/tvc16.com\/portal\/wp-json\/wp\/v2\/posts"}],"about":[{"href":"https:\/\/tvc16.com\/portal\/wp-json\/wp\/v2\/types\/post"}],"author":[{"embeddable":true,"href":"https:\/\/tvc16.com\/portal\/wp-json\/wp\/v2\/users\/2"}],"replies":[{"embeddable":true,"href":"https:\/\/tvc16.com\/portal\/wp-json\/wp\/v2\/comments?post=7166"}],"version-history":[{"count":1,"href":"https:\/\/tvc16.com\/portal\/wp-json\/wp\/v2\/posts\/7166\/revisions"}],"predecessor-version":[{"id":7168,"href":"https:\/\/tvc16.com\/portal\/wp-json\/wp\/v2\/posts\/7166\/revisions\/7168"}],"wp:featuredmedia":[{"embeddable":true,"href":"https:\/\/tvc16.com\/portal\/wp-json\/wp\/v2\/media\/7167"}],"wp:attachment":[{"href":"https:\/\/tvc16.com\/portal\/wp-json\/wp\/v2\/media?parent=7166"}],"wp:term":[{"taxonomy":"category","embeddable":true,"href":"https:\/\/tvc16.com\/portal\/wp-json\/wp\/v2\/categories?post=7166"},{"taxonomy":"post_tag","embeddable":true,"href":"https:\/\/tvc16.com\/portal\/wp-json\/wp\/v2\/tags?post=7166"}],"curies":[{"name":"wp","href":"https:\/\/api.w.org\/{rel}","templated":true}]}}