{"id":7169,"date":"2020-12-01T22:50:31","date_gmt":"2020-12-02T01:50:31","guid":{"rendered":"https:\/\/tvc16.com\/portal\/?p=7169"},"modified":"2020-12-01T22:50:34","modified_gmt":"2020-12-02T01:50:34","slug":"estudantes-terao-prazo-maior-para-validacao-das-inscricoes-do-fies","status":"publish","type":"post","link":"https:\/\/tvc16.com\/portal\/2020\/12\/01\/estudantes-terao-prazo-maior-para-validacao-das-inscricoes-do-fies\/","title":{"rendered":"Estudantes ter\u00e3o prazo maior para valida\u00e7\u00e3o das inscri\u00e7\u00f5es do Fies"},"content":{"rendered":"\n<p>Est\u00e1 prorrogado o prazo para valida\u00e7\u00e3o das inscri\u00e7\u00f5es para as vagas remanescentes do 2\u00b0 semestre de 2020 do Fundo de Financiamento Estudantil (Fies). De acordo com o Fundo Nacional de Desenvolvimento da Educa\u00e7\u00e3o (FNDE), os estudantes que se inscreveram para essas vagas, mas cujos prazos j\u00e1 tinham expirado, agora ter\u00e3o at\u00e9 o dia 18 de dezembro para formalizar os contratos do Fies.<\/p>\n\n\n\n<p>Quem estiver inscrito precisa comprovar, at\u00e9 esta data, as informa\u00e7\u00f5es declaradas no ato de inscri\u00e7\u00e3o na Comiss\u00e3o Permanente de Supervis\u00e3o e Acompanhamento (CPSA) da respectiva institui\u00e7\u00e3o de ensino superior para formalizarem o contrato de financiamento junto ao agente financeiro do Fies. A prorroga\u00e7\u00e3o desse prazo foi publicada no Di\u00e1rio Oficial da Uni\u00e3o (DOU) de nesta 27 de novembro.<\/p>\n\n\n\n<p>Fonte: <a href=\"https:\/\/brasil61.com\/noticias\/estudantes-terao-prazo-maior-para-validacao-das-inscricoes-do-fies-bras202833\" target=\"_blank\" rel=\"noreferrer noopener\">Brasil 61<\/a><\/p>\n","protected":false},"excerpt":{"rendered":"<p>Est\u00e1 prorrogado o prazo para valida\u00e7\u00e3o das inscri\u00e7\u00f5es para as vagas remanescentes do 2\u00b0 semestre<\/p>\n","protected":false},"author":2,"featured_media":7171,"comment_status":"open","ping_status":"open","sticky":false,"template":"","format":"standard","meta":{"footnotes":""},"categories":[19],"tags":[],"class_list":["post-7169","post","type-post","status-publish","format-standard","has-post-thumbnail","hentry","category-educacao"],"_links":{"self":[{"href":"https:\/\/tvc16.com\/portal\/wp-json\/wp\/v2\/posts\/7169","targetHints":{"allow":["GET"]}}],"collection":[{"href":"https:\/\/tvc16.com\/portal\/wp-json\/wp\/v2\/posts"}],"about":[{"href":"https:\/\/tvc16.com\/portal\/wp-json\/wp\/v2\/types\/post"}],"author":[{"embeddable":true,"href":"https:\/\/tvc16.com\/portal\/wp-json\/wp\/v2\/users\/2"}],"replies":[{"embeddable":true,"href":"https:\/\/tvc16.com\/portal\/wp-json\/wp\/v2\/comments?post=7169"}],"version-history":[{"count":1,"href":"https:\/\/tvc16.com\/portal\/wp-json\/wp\/v2\/posts\/7169\/revisions"}],"predecessor-version":[{"id":7172,"href":"https:\/\/tvc16.com\/portal\/wp-json\/wp\/v2\/posts\/7169\/revisions\/7172"}],"wp:featuredmedia":[{"embeddable":true,"href":"https:\/\/tvc16.com\/portal\/wp-json\/wp\/v2\/media\/7171"}],"wp:attachment":[{"href":"https:\/\/tvc16.com\/portal\/wp-json\/wp\/v2\/media?parent=7169"}],"wp:term":[{"taxonomy":"category","embeddable":true,"href":"https:\/\/tvc16.com\/portal\/wp-json\/wp\/v2\/categories?post=7169"},{"taxonomy":"post_tag","embeddable":true,"href":"https:\/\/tvc16.com\/portal\/wp-json\/wp\/v2\/tags?post=7169"}],"curies":[{"name":"wp","href":"https:\/\/api.w.org\/{rel}","templated":true}]}}