{"id":7173,"date":"2020-12-01T22:51:55","date_gmt":"2020-12-02T01:51:55","guid":{"rendered":"https:\/\/tvc16.com\/portal\/?p=7173"},"modified":"2020-12-01T22:51:57","modified_gmt":"2020-12-02T01:51:57","slug":"mt-estado-da-inicio-a-reordenamento-da-rede-para-1o-ano-do-ensino-fundamental","status":"publish","type":"post","link":"https:\/\/tvc16.com\/portal\/2020\/12\/01\/mt-estado-da-inicio-a-reordenamento-da-rede-para-1o-ano-do-ensino-fundamental\/","title":{"rendered":"MT: Estado d\u00e1 in\u00edcio a reordenamento da rede para 1\u00ba ano do Ensino Fundamental"},"content":{"rendered":"\n<p>Em Mato Grosso, o procedimento para matr\u00edcula na rede estadual de ensino passar\u00e1 por altera\u00e7\u00f5es com rela\u00e7\u00e3o \u00e0 oferta para o 1\u00ba ano do 1\u00ba Ciclo da Educa\u00e7\u00e3o Fundamental.<\/p>\n\n\n\n<p>Pelos termos de um decreto publicado recentemente no Di\u00e1rio Oficial do Estado, gradativamente, a Unidade da Federa\u00e7\u00e3o vai passar a atender apenas os Anos Finais do Ensino Fundamental e o Ensino M\u00e9dio. Os munic\u00edpios, por sua vez, v\u00e3o atender \u00e0 Educa\u00e7\u00e3o Infantil e os Anos Iniciais do Ensino Fundamental.<\/p>\n\n\n\n<p>A ideia \u00e9 que o estado, em Regime de Colabora\u00e7\u00e3o com os Munic\u00edpios, disponibilize os pr\u00e9dios das unidades que est\u00e3o no planejamento dessa reorganiza\u00e7\u00e3o de oferta. O intuito \u00e9 auxiliar os munic\u00edpios que passam a atender as s\u00e9ries.<\/p>\n\n\n\n<p>O secret\u00e1rio adjunto executivo de Educa\u00e7\u00e3o, Amauri Monge Fernandes, explica que n\u00e3o haver\u00e1 nenhum preju\u00edzo para as crian\u00e7as, j\u00e1 ser\u00e3o asseguradas vagas para todos. As matr\u00edculas ser\u00e3o ofertadas pelos munic\u00edpios. Ainda de acordo com o secret\u00e1rio, o regime de colabora\u00e7\u00e3o est\u00e1 previsto na <a href=\"http:\/\/www.planalto.gov.br\/ccivil_03\/constituicao\/constituicao.htm\">Constitui\u00e7\u00e3o Federal<\/a> e no Plano Nacional de Educa\u00e7\u00e3o <a href=\"http:\/\/pne.mec.gov.br\/\">(PNE)<\/a>.<\/p>\n\n\n\n<p>Fonte: <a href=\"https:\/\/brasil61.com\/noticias\/mt-estado-da-inicio-a-reordenamento-da-rede-para-1-ano-do-ensino-fundamental-bras202848\" target=\"_blank\" rel=\"noreferrer noopener\">Brasil 61<\/a><\/p>\n","protected":false},"excerpt":{"rendered":"<p>Em Mato Grosso, o procedimento para matr\u00edcula na rede estadual de ensino passar\u00e1 por altera\u00e7\u00f5es<\/p>\n","protected":false},"author":2,"featured_media":7174,"comment_status":"open","ping_status":"open","sticky":false,"template":"","format":"standard","meta":{"footnotes":""},"categories":[19],"tags":[],"class_list":["post-7173","post","type-post","status-publish","format-standard","has-post-thumbnail","hentry","category-educacao"],"_links":{"self":[{"href":"https:\/\/tvc16.com\/portal\/wp-json\/wp\/v2\/posts\/7173","targetHints":{"allow":["GET"]}}],"collection":[{"href":"https:\/\/tvc16.com\/portal\/wp-json\/wp\/v2\/posts"}],"about":[{"href":"https:\/\/tvc16.com\/portal\/wp-json\/wp\/v2\/types\/post"}],"author":[{"embeddable":true,"href":"https:\/\/tvc16.com\/portal\/wp-json\/wp\/v2\/users\/2"}],"replies":[{"embeddable":true,"href":"https:\/\/tvc16.com\/portal\/wp-json\/wp\/v2\/comments?post=7173"}],"version-history":[{"count":1,"href":"https:\/\/tvc16.com\/portal\/wp-json\/wp\/v2\/posts\/7173\/revisions"}],"predecessor-version":[{"id":7175,"href":"https:\/\/tvc16.com\/portal\/wp-json\/wp\/v2\/posts\/7173\/revisions\/7175"}],"wp:featuredmedia":[{"embeddable":true,"href":"https:\/\/tvc16.com\/portal\/wp-json\/wp\/v2\/media\/7174"}],"wp:attachment":[{"href":"https:\/\/tvc16.com\/portal\/wp-json\/wp\/v2\/media?parent=7173"}],"wp:term":[{"taxonomy":"category","embeddable":true,"href":"https:\/\/tvc16.com\/portal\/wp-json\/wp\/v2\/categories?post=7173"},{"taxonomy":"post_tag","embeddable":true,"href":"https:\/\/tvc16.com\/portal\/wp-json\/wp\/v2\/tags?post=7173"}],"curies":[{"name":"wp","href":"https:\/\/api.w.org\/{rel}","templated":true}]}}