{"id":7176,"date":"2020-12-01T22:53:28","date_gmt":"2020-12-02T01:53:28","guid":{"rendered":"https:\/\/tvc16.com\/portal\/?p=7176"},"modified":"2020-12-01T22:53:31","modified_gmt":"2020-12-02T01:53:31","slug":"covid-19-pfizer-e-biontech-pedem-uso-emergencial-de-vacina-na-europa","status":"publish","type":"post","link":"https:\/\/tvc16.com\/portal\/2020\/12\/01\/covid-19-pfizer-e-biontech-pedem-uso-emergencial-de-vacina-na-europa\/","title":{"rendered":"Covid-19: Pfizer e BioNTech pedem uso emergencial de vacina na Europa"},"content":{"rendered":"\n<h3 class=\"wp-block-heading\">Solicita\u00e7\u00e3o conclui a an\u00e1lise cont\u00ednua<\/h3>\n\n\n\n<h4 class=\"wp-block-heading\">Por Ludwig Burger &#8211; Rep\u00f3rter da Reuters &#8211; Frankfurt (Alemanha)<\/h4>\n\n\n\n<p>A Pfizer e a BioNTech pediram ao regulador de medicamentos da Europa autoriza\u00e7\u00e3o condicional para sua vacina contra a covid-19, ap\u00f3s submeterem solicita\u00e7\u00f5es semelhantes nos Estados Unidos e no Reino Unido, informaram as empresas nesta ter\u00e7a-feira (1\u00ba), em Frankfurt, na Alemanha<img decoding=\"async\" src=\"https:\/\/agenciabrasil.ebc.com.br\/ebc.png?id=1395119&amp;o=node\"><img decoding=\"async\" src=\"https:\/\/agenciabrasil.ebc.com.br\/ebc.gif?id=1395119&amp;o=node\"><\/p>\n\n\n\n<p>O pedido para a Ag\u00eancia Europeia de Medicamentos (EMA) vem depois de as empresas reivindicarem aprova\u00e7\u00e3o nos EUA em 20 de novembro, deixando-as um passo mais perto de lan\u00e7arem sua vacina.<\/p>\n\n\n\n<p>Na busca por lan\u00e7ar o imunizante na Europa, potencialmente ainda neste ano, as empresas est\u00e3o passo a passo com a rival Moderna, que anunciou na segunda-feira (30) que pediria ao regulador da Uni\u00e3o Europeia para recomendar a aprova\u00e7\u00e3o condicional para sua vacina.<\/p>\n\n\n\n<h2 class=\"wp-block-heading\">Resultado final de testes<\/h2>\n\n\n\n<p>A norte-americana Pfizer e a alem\u00e3 BioNTech anunciaram o resultado final dos testes com sua vacina em 18 de novembro, mostrando que sua candidata \u00e9 95% eficaz na preven\u00e7\u00e3o da covid-19, sem preocupa\u00e7\u00f5es de seguran\u00e7a relevantes, levantando a perspectiva de uma aprova\u00e7\u00e3o nos EUA e na Uni\u00e3o Europeia em dezembro.<\/p>\n\n\n\n<p>O pedido feito na Europa conclui a chamada an\u00e1lise cont\u00ednua, que foi iniciada junto \u00e0 EMA em 6 de outubro.<\/p>\n\n\n\n<p>O governo brit\u00e2nico informou na semana passada que a parceria entre a norte-americana e a alem\u00e3 relatou dados de seus testes cl\u00ednicos para a Ag\u00eancia Regulat\u00f3ria de Medicamento e Sa\u00fade do Reino Unido (MHRA).<\/p>\n","protected":false},"excerpt":{"rendered":"<p>Solicita\u00e7\u00e3o conclui a an\u00e1lise cont\u00ednua Por Ludwig Burger &#8211; Rep\u00f3rter da Reuters &#8211; Frankfurt (Alemanha)<\/p>\n","protected":false},"author":2,"featured_media":7177,"comment_status":"open","ping_status":"open","sticky":false,"template":"","format":"standard","meta":{"footnotes":""},"categories":[22],"tags":[],"class_list":["post-7176","post","type-post","status-publish","format-standard","has-post-thumbnail","hentry","category-internacional"],"_links":{"self":[{"href":"https:\/\/tvc16.com\/portal\/wp-json\/wp\/v2\/posts\/7176","targetHints":{"allow":["GET"]}}],"collection":[{"href":"https:\/\/tvc16.com\/portal\/wp-json\/wp\/v2\/posts"}],"about":[{"href":"https:\/\/tvc16.com\/portal\/wp-json\/wp\/v2\/types\/post"}],"author":[{"embeddable":true,"href":"https:\/\/tvc16.com\/portal\/wp-json\/wp\/v2\/users\/2"}],"replies":[{"embeddable":true,"href":"https:\/\/tvc16.com\/portal\/wp-json\/wp\/v2\/comments?post=7176"}],"version-history":[{"count":1,"href":"https:\/\/tvc16.com\/portal\/wp-json\/wp\/v2\/posts\/7176\/revisions"}],"predecessor-version":[{"id":7178,"href":"https:\/\/tvc16.com\/portal\/wp-json\/wp\/v2\/posts\/7176\/revisions\/7178"}],"wp:featuredmedia":[{"embeddable":true,"href":"https:\/\/tvc16.com\/portal\/wp-json\/wp\/v2\/media\/7177"}],"wp:attachment":[{"href":"https:\/\/tvc16.com\/portal\/wp-json\/wp\/v2\/media?parent=7176"}],"wp:term":[{"taxonomy":"category","embeddable":true,"href":"https:\/\/tvc16.com\/portal\/wp-json\/wp\/v2\/categories?post=7176"},{"taxonomy":"post_tag","embeddable":true,"href":"https:\/\/tvc16.com\/portal\/wp-json\/wp\/v2\/tags?post=7176"}],"curies":[{"name":"wp","href":"https:\/\/api.w.org\/{rel}","templated":true}]}}