{"id":7179,"date":"2020-12-01T23:01:28","date_gmt":"2020-12-02T02:01:28","guid":{"rendered":"https:\/\/tvc16.com\/portal\/?p=7179"},"modified":"2020-12-01T23:01:31","modified_gmt":"2020-12-02T02:01:31","slug":"jovens-relatam-mudancas-de-rotina-e-de-humor-em-estudo-sobre-pandemia","status":"publish","type":"post","link":"https:\/\/tvc16.com\/portal\/2020\/12\/01\/jovens-relatam-mudancas-de-rotina-e-de-humor-em-estudo-sobre-pandemia\/","title":{"rendered":"Jovens relatam mudan\u00e7as de rotina e de humor em estudo sobre pandemia"},"content":{"rendered":"\n<h3 class=\"wp-block-heading\">Preocupa\u00e7\u00e3o e nervosismo afetam 48,7% dos entrevistados, diz pesquisa<\/h3>\n\n\n\n<h4 class=\"wp-block-heading\">Por L\u00e9o Rodrigues \u2013 Rep\u00f3rter da Ag\u00eancia Brasil &#8211; Rio de Janeiro<\/h4>\n\n\n\n<p>Em um estudo coordenado pela Funda\u00e7\u00e3o Oswaldo Cruz (Fiocruz) sobre a pandemia de covid-19, jovens brasileiros relataram mudan\u00e7as de rotina, altera\u00e7\u00f5es de humor, piora na sa\u00fade e ado\u00e7\u00e3o de h\u00e1bitos alimentares n\u00e3o saud\u00e1veis. Entre diversas informa\u00e7\u00f5es, a pesquisa revela que 48,7% dos adolescentes t\u00eam sentido preocupa\u00e7\u00e3o, nervosismo ou mau humor, na maioria das vezes ou sempre.<img decoding=\"async\" src=\"https:\/\/agenciabrasil.ebc.com.br\/ebc.png?id=1395174&amp;o=node\"><img decoding=\"async\" src=\"https:\/\/agenciabrasil.ebc.com.br\/ebc.gif?id=1395174&amp;o=node\"><\/p>\n\n\n\n<p>Considerando apenas as meninas, o percentual sobe para 61,6%. No recorte por idade, o \u00edndice \u00e9 maior entre adolescentes mais velhos, de 16 e 17 anos. Nessa faixa et\u00e1ria, tais sentimentos foram relatados por 55,3%, percentual superior aos 45,5% registrados no grupo entre 12 e 15 anos.<\/p>\n\n\n\n<p>Intitulado ConVid Adolescentes \u2013 Pesquisa de Comportamentos, o estudo coordenado pela Fiocruz foi realizado em parceria com a Universidade Federal de Minas Gerais (UFMG) e a Universidade Estadual de Campinas (Unicamp). Foram entrevistados 9.470 jovens de todo o Brasil na faixa de 12 a 17 anos. Os question\u00e1rios foram respondidos de forma&nbsp;<em>online<\/em>&nbsp;entre junho e setembro. Os resultados foram divulgados nesta ter\u00e7a-feira (1\u00ba).<\/p>\n\n\n\n<p>O aumento dos relatos de sedentarismo \u00e9 outro dado que consta do estudo. O percentual de jovens que n\u00e3o fazem 60 minutos de atividade f\u00edsica em nenhum dia da semana foi de 43,4%. Antes da pandemia, o \u00edndice era de 20,9%. Os pesquisadores chamam a aten\u00e7\u00e3o para esta mudan\u00e7a, uma vez que jovens costumam praticar esportes, aulas de dan\u00e7a e outras atividades.<\/p>\n\n\n\n<p>O tempo de uso de equipamentos eletr\u00f4nicos como computador,&nbsp;<em>tablet<\/em>&nbsp;e celular aumentou. Entre os adolescentes de 16 e 17 anos, 77% afirmaram ficar em frente a esses aparelhos mais de quatro horas por dia, sem contar o per\u00edodo em que eventualmente est\u00e3o tendo aulas&nbsp;<em>online<\/em>.<\/p>\n\n\n\n<p>O consumo de alimentos n\u00e3o saud\u00e1veis em dois dias ou mais por semana aumentou. Pratos congelados, chocolates e doces est\u00e3o sendo 4% mais consumidos. De acordo com a pesquisa, 36% dos adolescentes entre 12 e 17 anos relataram queda na qualidade do sono durante a pandemia. A piora da sa\u00fade de forma geral foi apontada por 30% dos jovens.<\/p>\n\n\n\n<p>Problemas relacionados com as aulas online tamb\u00e9m foram diagnosticados: 59% afirmaram ter dificuldades para se concentrar nas aulas a dist\u00e2ncia e 38,3% se queixaram da falta de intera\u00e7\u00e3o com os professores. Em rela\u00e7\u00e3o ao entendimento do conte\u00fado ministrado, 47,8% dos adolescentes relataram estar entendendo pouco e 15,8% disseram n\u00e3o estar entendendo nada.<\/p>\n\n\n\n<h2 class=\"wp-block-heading\">Restri\u00e7\u00e3o Social<\/h2>\n\n\n\n<p>A grande maioria dos adolescentes afirmou ter aderido a medidas de restri\u00e7\u00e3o social. Esse grupo reuniu 71,5% dos entrevistados, e a restri\u00e7\u00e3o total foi relatada por 25,9%, enquanto 45,6% disseram adotar uma restri\u00e7\u00e3o intensa, em que s\u00f3 saem para supermercados, farm\u00e1cias ou casa de familiares.<\/p>\n\n\n\n<p>H\u00e1 varia\u00e7\u00f5es no recorte por regi\u00f5es. O percentual alcan\u00e7a o maior patamar no Sul do pa\u00eds: 74,1% dos jovens dizem aderir a medidas de restri\u00e7\u00e3o social. O menor \u00edndice, de 66,1%, foi o da Regi\u00e3o Norte.&nbsp;Esta foi tamb\u00e9m a regi\u00e3o onde houve o maior \u00edndice de adolescentes que afirmaram ter tido diagn\u00f3stico positivo para covid-19: 6,1%, bem acima da m\u00e9dia de 3,9% considerando todos os entrevistados.<\/p>\n\n\n\n<p>Edi\u00e7\u00e3o: N\u00e1dia Franco<\/p>\n","protected":false},"excerpt":{"rendered":"<p>Preocupa\u00e7\u00e3o e nervosismo afetam 48,7% dos entrevistados, diz pesquisa Por L\u00e9o Rodrigues \u2013 Rep\u00f3rter da<\/p>\n","protected":false},"author":2,"featured_media":7180,"comment_status":"open","ping_status":"open","sticky":false,"template":"","format":"standard","meta":{"footnotes":""},"categories":[17],"tags":[],"class_list":["post-7179","post","type-post","status-publish","format-standard","has-post-thumbnail","hentry","category-outras-noticias"],"_links":{"self":[{"href":"https:\/\/tvc16.com\/portal\/wp-json\/wp\/v2\/posts\/7179","targetHints":{"allow":["GET"]}}],"collection":[{"href":"https:\/\/tvc16.com\/portal\/wp-json\/wp\/v2\/posts"}],"about":[{"href":"https:\/\/tvc16.com\/portal\/wp-json\/wp\/v2\/types\/post"}],"author":[{"embeddable":true,"href":"https:\/\/tvc16.com\/portal\/wp-json\/wp\/v2\/users\/2"}],"replies":[{"embeddable":true,"href":"https:\/\/tvc16.com\/portal\/wp-json\/wp\/v2\/comments?post=7179"}],"version-history":[{"count":1,"href":"https:\/\/tvc16.com\/portal\/wp-json\/wp\/v2\/posts\/7179\/revisions"}],"predecessor-version":[{"id":7181,"href":"https:\/\/tvc16.com\/portal\/wp-json\/wp\/v2\/posts\/7179\/revisions\/7181"}],"wp:featuredmedia":[{"embeddable":true,"href":"https:\/\/tvc16.com\/portal\/wp-json\/wp\/v2\/media\/7180"}],"wp:attachment":[{"href":"https:\/\/tvc16.com\/portal\/wp-json\/wp\/v2\/media?parent=7179"}],"wp:term":[{"taxonomy":"category","embeddable":true,"href":"https:\/\/tvc16.com\/portal\/wp-json\/wp\/v2\/categories?post=7179"},{"taxonomy":"post_tag","embeddable":true,"href":"https:\/\/tvc16.com\/portal\/wp-json\/wp\/v2\/tags?post=7179"}],"curies":[{"name":"wp","href":"https:\/\/api.w.org\/{rel}","templated":true}]}}