{"id":7182,"date":"2020-12-02T09:10:58","date_gmt":"2020-12-02T12:10:58","guid":{"rendered":"https:\/\/tvc16.com\/portal\/?p=7182"},"modified":"2020-12-02T09:11:01","modified_gmt":"2020-12-02T12:11:01","slug":"governo-trabalha-para-manter-municipio-bem-estruturado-no-combate-ao-coronavirus-e-fara-remanejamento-de-leitos-de-uti-em-caso-de-necessidade","status":"publish","type":"post","link":"https:\/\/tvc16.com\/portal\/2020\/12\/02\/governo-trabalha-para-manter-municipio-bem-estruturado-no-combate-ao-coronavirus-e-fara-remanejamento-de-leitos-de-uti-em-caso-de-necessidade\/","title":{"rendered":"Governo trabalha para manter munic\u00edpio bem estruturado no combate ao coronav\u00edrus e far\u00e1 remanejamento de leitos de UTI em caso de necessidade"},"content":{"rendered":"\n<p>O prefeito Bernardo Rossi declarou, na ter\u00e7a-feira (01\/12), que a cidade mant\u00e9m o controle da pandemia. Diante do recente aumento no n\u00famero de casos confirmados e interna\u00e7\u00f5es nas unidades de sa\u00fade de Petr\u00f3polis, Bernardo Rossi lembrou que o munic\u00edpio, atualmente, se encontra preparado para prestar atendimento aos pacientes que buscarem por ajuda m\u00e9dica.<\/p>\n\n\n\n<p>\u201cTemos plenas condi\u00e7\u00f5es de atendimento \u00e0 popula\u00e7\u00e3o porque j\u00e1 v\u00ednhamos observando a possibilidade de uma segunda onda da doen\u00e7a na cidade. Nosso monitoramento est\u00e1 sendo extremamente eficaz e a observa\u00e7\u00e3o das estat\u00edsticas da m\u00e9dia m\u00f3vel fez com que a cidade n\u00e3o fosse pega de surpresa. Percebemos que munic\u00edpios bem pr\u00f3ximos j\u00e1 haviam atingido n\u00edveis cr\u00edticos na sa\u00fade e tomamos nossas provid\u00eancias antecipadamente, como a amplia\u00e7\u00e3o da testagem e do monitoramento da doen\u00e7a, al\u00e9m das a\u00e7\u00f5es de higieniza\u00e7\u00e3o de locais p\u00fablicos\u201d, afirmou o prefeito.<\/p>\n\n\n\n<p>Para monitorar melhor a incid\u00eancia da doen\u00e7a na cidade, a prefeitura j\u00e1 havia iniciado uma segunda fase de testes e, h\u00e1 duas semanas, ampliou ainda mais o processo testando a popula\u00e7\u00e3o de casa em casa, com dez equipes m\u00f3veis. Al\u00e9m disso, caminh\u00f5es pipa intensificaram a higieniza\u00e7\u00e3o de locais p\u00fablicos com hipoclorito de s\u00f3dio e carros de som est\u00e3o percorrendo as ruas pedindo a colabora\u00e7\u00e3o de todos. Petr\u00f3polis vem trabalhando para garantir a sa\u00fade da popula\u00e7\u00e3o.<\/p>\n\n\n\n<p>\u201cLembro, ainda, que fizemos pactua\u00e7\u00f5es com unidades privadas, que adquirimos respiradores de \u00faltima gera\u00e7\u00e3o e que os equipamentos podem ser utilizados em caso de necessidade. Nosso objetivo continua sendo o de salvar vidas na cidade. N\u00e3o vamos abrir m\u00e3o do nosso compromisso\u201d, completou Bernardo Rossi.<\/p>\n\n\n\n<p>Vale lembrar que, hoje, o munic\u00edpio possui 75 leitos de UTI exclusivos \u00e0 interna\u00e7\u00e3o de pacientes do novo coronav\u00edrus e que, se necess\u00e1rio, poder\u00e1 realizar a amplia\u00e7\u00e3o para atender \u00e0 demanda da cidade. No HNSA, por exemplo, dos 37 leitos pactuados, 25 est\u00e3o sendo utilizados e 12 est\u00e3o dispon\u00edveis \u00e0s interna\u00e7\u00f5es. \u201cAs equipes m\u00e9dicas s\u00e3o montadas estrategicamente de acordo com a necessidade de interna\u00e7\u00e3o nas unidades. Leitos e equipamentos est\u00e3o dispon\u00edveis para atua\u00e7\u00e3o imediata. O que vimos acontecer nos \u00faltimos dias foi um crescimento no n\u00famero de interna\u00e7\u00f5es. Se preciso, mais dez leitos poder\u00e3o ser remanejados nesta unidade. S\u00e3o vagas no primeiro andar que, hoje, est\u00e3o destinadas aos pacientes das demais enfermidades n\u00e3o relacionadas \u00e0 COVID-19, mas, caso seja necess\u00e1rio, poder\u00e3o ser revertidas \u00e0s interna\u00e7\u00f5es dos pacientes da pandemia\u201d, afirmou a secret\u00e1ria de sa\u00fade do munic\u00edpio, Fab\u00edola Heck.<\/p>\n\n\n\n<p>A secret\u00e1ria lembrou, ainda, que as medidas de preven\u00e7\u00e3o devem ser mantidas por toda a popula\u00e7\u00e3o. \u201cEvitar as aglomera\u00e7\u00f5es, manter o distanciamento social, usar m\u00e1scaras, lavar as m\u00e3os e utilizar o \u00e1lcool em gel continuam sendo nossas melhores armas no enfrentamento da doen\u00e7a. \u00c9 extremamente importante que a popula\u00e7\u00e3o fa\u00e7a a sua parte\u201d, finalizou a secret\u00e1ria.<\/p>\n","protected":false},"excerpt":{"rendered":"<p>O prefeito Bernardo Rossi declarou, na ter\u00e7a-feira (01\/12), que a cidade mant\u00e9m o controle da<\/p>\n","protected":false},"author":2,"featured_media":7183,"comment_status":"open","ping_status":"open","sticky":false,"template":"","format":"standard","meta":{"footnotes":""},"categories":[12],"tags":[],"class_list":["post-7182","post","type-post","status-publish","format-standard","has-post-thumbnail","hentry","category-cidade"],"_links":{"self":[{"href":"https:\/\/tvc16.com\/portal\/wp-json\/wp\/v2\/posts\/7182","targetHints":{"allow":["GET"]}}],"collection":[{"href":"https:\/\/tvc16.com\/portal\/wp-json\/wp\/v2\/posts"}],"about":[{"href":"https:\/\/tvc16.com\/portal\/wp-json\/wp\/v2\/types\/post"}],"author":[{"embeddable":true,"href":"https:\/\/tvc16.com\/portal\/wp-json\/wp\/v2\/users\/2"}],"replies":[{"embeddable":true,"href":"https:\/\/tvc16.com\/portal\/wp-json\/wp\/v2\/comments?post=7182"}],"version-history":[{"count":1,"href":"https:\/\/tvc16.com\/portal\/wp-json\/wp\/v2\/posts\/7182\/revisions"}],"predecessor-version":[{"id":7184,"href":"https:\/\/tvc16.com\/portal\/wp-json\/wp\/v2\/posts\/7182\/revisions\/7184"}],"wp:featuredmedia":[{"embeddable":true,"href":"https:\/\/tvc16.com\/portal\/wp-json\/wp\/v2\/media\/7183"}],"wp:attachment":[{"href":"https:\/\/tvc16.com\/portal\/wp-json\/wp\/v2\/media?parent=7182"}],"wp:term":[{"taxonomy":"category","embeddable":true,"href":"https:\/\/tvc16.com\/portal\/wp-json\/wp\/v2\/categories?post=7182"},{"taxonomy":"post_tag","embeddable":true,"href":"https:\/\/tvc16.com\/portal\/wp-json\/wp\/v2\/tags?post=7182"}],"curies":[{"name":"wp","href":"https:\/\/api.w.org\/{rel}","templated":true}]}}