{"id":7185,"date":"2020-12-02T11:50:03","date_gmt":"2020-12-02T14:50:03","guid":{"rendered":"https:\/\/tvc16.com\/portal\/?p=7185"},"modified":"2020-12-02T11:50:06","modified_gmt":"2020-12-02T14:50:06","slug":"municipio-segue-com-acoes-de-testagem-nesta-terca-feira","status":"publish","type":"post","link":"https:\/\/tvc16.com\/portal\/2020\/12\/02\/municipio-segue-com-acoes-de-testagem-nesta-terca-feira\/","title":{"rendered":"Munic\u00edpio segue com a\u00e7\u00f5es de testagem nesta ter\u00e7a-feira"},"content":{"rendered":"\n<p><em>Trabalho faz parte da preven\u00e7\u00e3o \u00e0 segunda onda da doen\u00e7a e amplia monitoramento da COVID-19 na cidade<\/em><\/p>\n\n\n\n<p>Nesta quarta-feira (02\/12), as equipes da sa\u00fade est\u00e3o fazendo a testagem em massa da popula\u00e7\u00e3o nos bairros Fazenda Inglesa e Valpara\u00edso. No Fazenda Inglesa, os testes ser\u00e3o feitos por uma equipe fixa, na quadra do bairro, e duas volantes, que percorrer\u00e3o a localidade realizando a testagem nos moradores de casa em casa. J\u00e1 no Valpara\u00edso, as equipes atender\u00e3o a popula\u00e7\u00e3o no Chapa 4, tamb\u00e9m com uma equipe fixa, e duas percorrendo as ruas do bairro para testar os moradores contra o novo coronav\u00edrus. As a\u00e7\u00f5es fazem parte da preven\u00e7\u00e3o de uma segunda onda da COVID-19.<\/p>\n\n\n\n<p>\u201cTivemos um aumento expressivo na quantidade de casos suspeitos e confirmados na cidade na \u00faltima semana. Fizemos a amplia\u00e7\u00e3o nas testagens em massa, a intensifica\u00e7\u00e3o das a\u00e7\u00f5es de higieniza\u00e7\u00e3o em locais p\u00fablicos e pontos de \u00f4nibus e a\u00e7\u00f5es de conscientiza\u00e7\u00e3o, mas precisamos da ajuda da popula\u00e7\u00e3o. Medidas como o distanciamento social e o uso de m\u00e1scaras precisam ser continuadas para que consigamos manter nossos \u00edndices controlados e seguros na cidade\u201d, afirmou o prefeito Bernardo Rossi.<\/p>\n\n\n\n<p>Para os atendimentos \u00e9 exigido um documento de identifica\u00e7\u00e3o com foto e n\u00e3o \u00e9 necess\u00e1ria a realiza\u00e7\u00e3o de cadastro pr\u00e9vio. Os usu\u00e1rios testados, nos pontos fixos e em casa, recebem o resultado em 15 minutos pela equipe t\u00e9cnica respons\u00e1vel pelo trabalho. O trabalho acontece sempre das 09h \u00e0s 16h.<\/p>\n","protected":false},"excerpt":{"rendered":"<p>Trabalho faz parte da preven\u00e7\u00e3o \u00e0 segunda onda da doen\u00e7a e amplia monitoramento da COVID-19<\/p>\n","protected":false},"author":2,"featured_media":7186,"comment_status":"open","ping_status":"open","sticky":false,"template":"","format":"standard","meta":{"footnotes":""},"categories":[12],"tags":[],"class_list":["post-7185","post","type-post","status-publish","format-standard","has-post-thumbnail","hentry","category-cidade"],"_links":{"self":[{"href":"https:\/\/tvc16.com\/portal\/wp-json\/wp\/v2\/posts\/7185","targetHints":{"allow":["GET"]}}],"collection":[{"href":"https:\/\/tvc16.com\/portal\/wp-json\/wp\/v2\/posts"}],"about":[{"href":"https:\/\/tvc16.com\/portal\/wp-json\/wp\/v2\/types\/post"}],"author":[{"embeddable":true,"href":"https:\/\/tvc16.com\/portal\/wp-json\/wp\/v2\/users\/2"}],"replies":[{"embeddable":true,"href":"https:\/\/tvc16.com\/portal\/wp-json\/wp\/v2\/comments?post=7185"}],"version-history":[{"count":1,"href":"https:\/\/tvc16.com\/portal\/wp-json\/wp\/v2\/posts\/7185\/revisions"}],"predecessor-version":[{"id":7187,"href":"https:\/\/tvc16.com\/portal\/wp-json\/wp\/v2\/posts\/7185\/revisions\/7187"}],"wp:featuredmedia":[{"embeddable":true,"href":"https:\/\/tvc16.com\/portal\/wp-json\/wp\/v2\/media\/7186"}],"wp:attachment":[{"href":"https:\/\/tvc16.com\/portal\/wp-json\/wp\/v2\/media?parent=7185"}],"wp:term":[{"taxonomy":"category","embeddable":true,"href":"https:\/\/tvc16.com\/portal\/wp-json\/wp\/v2\/categories?post=7185"},{"taxonomy":"post_tag","embeddable":true,"href":"https:\/\/tvc16.com\/portal\/wp-json\/wp\/v2\/tags?post=7185"}],"curies":[{"name":"wp","href":"https:\/\/api.w.org\/{rel}","templated":true}]}}