{"id":7188,"date":"2020-12-02T11:52:35","date_gmt":"2020-12-02T14:52:35","guid":{"rendered":"https:\/\/tvc16.com\/portal\/?p=7188"},"modified":"2020-12-02T11:52:38","modified_gmt":"2020-12-02T14:52:38","slug":"usuarios-da-unat-recebem-palestras-sobre-prevencao-ao-cancer-de-mama-e-prostata","status":"publish","type":"post","link":"https:\/\/tvc16.com\/portal\/2020\/12\/02\/usuarios-da-unat-recebem-palestras-sobre-prevencao-ao-cancer-de-mama-e-prostata\/","title":{"rendered":"Usu\u00e1rios da UNAT recebem palestras sobre preven\u00e7\u00e3o ao c\u00e2ncer de mama e pr\u00f3stata"},"content":{"rendered":"\n<p>Para fechar o m\u00eas do Novembro Azul, a equipe de enfermagem da Unidade de Acolhimento Tempor\u00e1rio (UNAT) realizou palestras para os usu\u00e1rios sobre a import\u00e2ncia da preven\u00e7\u00e3o ao c\u00e2ncer de pr\u00f3stata, nesta segunda-feira (30\/11). A equipe aproveitou a oportunidade ainda para falar sobre o Outubro Rosa, lembrando tamb\u00e9m dos cuidados para a preven\u00e7\u00e3o do c\u00e2ncer de mama. \u00a0<\/p>\n\n\n\n<p>A UNAT \u00e9 uma casa mantida pela prefeitura, com verba do governo federal, para acolher moradores em situa\u00e7\u00e3o de rua e idosos em vulnerabilidade social neste per\u00edodo de pandemia. Al\u00e9m da equipe t\u00e9cnica, que acompanha os usu\u00e1rios 24 horas por dia, a casa foi equipada e segue todas as recomenda\u00e7\u00f5es do Minist\u00e9rio da Sa\u00fade. Atualmente, est\u00e3o no local oito idosos, tr\u00eas pessoas em isolamento e cinco moradores em situa\u00e7\u00e3o de rua.<\/p>\n\n\n\n<p>\u201cEncerramos o m\u00eas de novembro com uma palestra informativa e educativa a nossos usu\u00e1rios acolhidos. A equipe de enfermagem falou sobre os sinais e sintomas das doen\u00e7as, o diagn\u00f3stico, tratamento e preven\u00e7\u00e3o. E o resultado foi muito positivo, seis usu\u00e1rios pediram para que marc\u00e1ssemos exames para eles\u201d, explica a secret\u00e1ria de Assist\u00eancia Social, Denise Quintella.<\/p>\n\n\n\n<p>O im\u00f3vel conta com tr\u00eas alas distintas: uma&nbsp;para idosos referenciados pelos Creas (C<em>entro de Refer\u00eancia Especializado de Assist\u00eancia Social) e tamb\u00e9m os que chegarem atrav\u00e9s das solicita\u00e7\u00f5es das fam\u00edlias<\/em>; outra para a popula\u00e7\u00e3o em situa\u00e7\u00e3o de rua que necessitem de isolamento&nbsp;por conta da fragilidade na sa\u00fade; e uma classificada como \u201cde emerg\u00eancia\u201d para pessoas que testem positivo ou que estejam com suspeita.<\/p>\n","protected":false},"excerpt":{"rendered":"<p>Para fechar o m\u00eas do Novembro Azul, a equipe de enfermagem da Unidade de Acolhimento<\/p>\n","protected":false},"author":2,"featured_media":7189,"comment_status":"open","ping_status":"open","sticky":false,"template":"","format":"standard","meta":{"footnotes":""},"categories":[12],"tags":[],"class_list":["post-7188","post","type-post","status-publish","format-standard","has-post-thumbnail","hentry","category-cidade"],"_links":{"self":[{"href":"https:\/\/tvc16.com\/portal\/wp-json\/wp\/v2\/posts\/7188","targetHints":{"allow":["GET"]}}],"collection":[{"href":"https:\/\/tvc16.com\/portal\/wp-json\/wp\/v2\/posts"}],"about":[{"href":"https:\/\/tvc16.com\/portal\/wp-json\/wp\/v2\/types\/post"}],"author":[{"embeddable":true,"href":"https:\/\/tvc16.com\/portal\/wp-json\/wp\/v2\/users\/2"}],"replies":[{"embeddable":true,"href":"https:\/\/tvc16.com\/portal\/wp-json\/wp\/v2\/comments?post=7188"}],"version-history":[{"count":1,"href":"https:\/\/tvc16.com\/portal\/wp-json\/wp\/v2\/posts\/7188\/revisions"}],"predecessor-version":[{"id":7190,"href":"https:\/\/tvc16.com\/portal\/wp-json\/wp\/v2\/posts\/7188\/revisions\/7190"}],"wp:featuredmedia":[{"embeddable":true,"href":"https:\/\/tvc16.com\/portal\/wp-json\/wp\/v2\/media\/7189"}],"wp:attachment":[{"href":"https:\/\/tvc16.com\/portal\/wp-json\/wp\/v2\/media?parent=7188"}],"wp:term":[{"taxonomy":"category","embeddable":true,"href":"https:\/\/tvc16.com\/portal\/wp-json\/wp\/v2\/categories?post=7188"},{"taxonomy":"post_tag","embeddable":true,"href":"https:\/\/tvc16.com\/portal\/wp-json\/wp\/v2\/tags?post=7188"}],"curies":[{"name":"wp","href":"https:\/\/api.w.org\/{rel}","templated":true}]}}