{"id":7191,"date":"2020-12-02T11:54:14","date_gmt":"2020-12-02T14:54:14","guid":{"rendered":"https:\/\/tvc16.com\/portal\/?p=7191"},"modified":"2020-12-02T11:54:16","modified_gmt":"2020-12-02T14:54:16","slug":"novo-mamografo-comeca-a-ser-montado-no-centro-de-saude","status":"publish","type":"post","link":"https:\/\/tvc16.com\/portal\/2020\/12\/02\/novo-mamografo-comeca-a-ser-montado-no-centro-de-saude\/","title":{"rendered":"Novo mam\u00f3grafo come\u00e7a a ser montado no Centro de Sa\u00fade"},"content":{"rendered":"\n<p><em>Equipamento de \u00faltima gera\u00e7\u00e3o tem previs\u00e3o de in\u00edcio de funcionamento j\u00e1 na primeira quinzena deste m\u00eas<\/em><\/p>\n\n\n\n<p>Teve in\u00edcio nesta segunda-feira (30\/11) a montagem do novo mam\u00f3grafo digital do Centro de Sa\u00fade. Desde ontem, t\u00e9cnicos da empresa respons\u00e1vel v\u00e3o permanecer em Petr\u00f3polis durante sete dias para dar continuidade \u00e0 montagem do aparelho que come\u00e7ar\u00e1 a operar j\u00e1 na primeira quinzena do m\u00eas de dezembro. As obras, que tiveram in\u00edcio h\u00e1 cerca de um m\u00eas, prepararam o local que ir\u00e1 abrigar o novo equipamento. No trabalho, aparelhos de ar-condicionado e um termohigr\u00f4metro tamb\u00e9m foram instalados, para a aferi\u00e7\u00e3o constante de temperatura e umidade do local.<\/p>\n\n\n\n<p>O novo mam\u00f3grafo digital de Petr\u00f3polis vai realizar at\u00e9 600 exames por m\u00eas. Esse n\u00famero \u00e9 o dobro da quantidade realizada pelo antigo equipamento anal\u00f3gico. Instalado no Centro de Sa\u00fade Coletiva Professor Manoel Jos\u00e9 Ferreira, na Rua Santos Dumont (Centro), o equipamento vai ampliar a oferta de exames na rede do Sistema \u00danico de Sa\u00fade (SUS) de Petr\u00f3polis. A expectativa da unidade \u00e9 realizar exames tamb\u00e9m aos finais de semana para dar ainda mais agilidade \u00e0 demanda atual.<\/p>\n\n\n\n<p>\u201cFicamos felizes em poder fazer ainda mais pela sa\u00fade da popula\u00e7\u00e3o, principalmente por se tratar de um exame t\u00e3o importante. O novo mam\u00f3grafo vai dobrar a quantidade de exames e, desta forma, dar ainda mais agilidade a quem tem urg\u00eancia em seus diagn\u00f3sticos. \u00c9 de fundamental import\u00e2ncia que as mulheres continuem se cuidando, em todas as idades\u201d, afirmou o prefeito Bernardo Rossi, durante uma visita ao local nesta segunda-feira (30\/11).<\/p>\n\n\n\n<p>Vale lembrar que as obras foram necess\u00e1rias devido \u00e0s recomenda\u00e7\u00f5es da empresa que produziu o mam\u00f3grafo. O equipamento, adquirido atrav\u00e9s de uma emenda parlamentar, vem substituir o antigo mam\u00f3grafo da unidade que n\u00e3o possu\u00eda mais manuten\u00e7\u00e3o. Atualmente, as mamografias v\u00eam sendo realizadas no Hospital Alcides Carneiro (HAC) e em duas cl\u00ednicas contratadas. Para realizar as mamografias no Centro de Sa\u00fade, as pacientes precisam ter, al\u00e9m de avalia\u00e7\u00e3o peri\u00f3dica, um pedido m\u00e9dico com a indica\u00e7\u00e3o do exame.<\/p>\n","protected":false},"excerpt":{"rendered":"<p>Equipamento de \u00faltima gera\u00e7\u00e3o tem previs\u00e3o de in\u00edcio de funcionamento j\u00e1 na primeira quinzena deste<\/p>\n","protected":false},"author":2,"featured_media":7192,"comment_status":"open","ping_status":"open","sticky":false,"template":"","format":"standard","meta":{"footnotes":""},"categories":[12],"tags":[],"class_list":["post-7191","post","type-post","status-publish","format-standard","has-post-thumbnail","hentry","category-cidade"],"_links":{"self":[{"href":"https:\/\/tvc16.com\/portal\/wp-json\/wp\/v2\/posts\/7191","targetHints":{"allow":["GET"]}}],"collection":[{"href":"https:\/\/tvc16.com\/portal\/wp-json\/wp\/v2\/posts"}],"about":[{"href":"https:\/\/tvc16.com\/portal\/wp-json\/wp\/v2\/types\/post"}],"author":[{"embeddable":true,"href":"https:\/\/tvc16.com\/portal\/wp-json\/wp\/v2\/users\/2"}],"replies":[{"embeddable":true,"href":"https:\/\/tvc16.com\/portal\/wp-json\/wp\/v2\/comments?post=7191"}],"version-history":[{"count":1,"href":"https:\/\/tvc16.com\/portal\/wp-json\/wp\/v2\/posts\/7191\/revisions"}],"predecessor-version":[{"id":7193,"href":"https:\/\/tvc16.com\/portal\/wp-json\/wp\/v2\/posts\/7191\/revisions\/7193"}],"wp:featuredmedia":[{"embeddable":true,"href":"https:\/\/tvc16.com\/portal\/wp-json\/wp\/v2\/media\/7192"}],"wp:attachment":[{"href":"https:\/\/tvc16.com\/portal\/wp-json\/wp\/v2\/media?parent=7191"}],"wp:term":[{"taxonomy":"category","embeddable":true,"href":"https:\/\/tvc16.com\/portal\/wp-json\/wp\/v2\/categories?post=7191"},{"taxonomy":"post_tag","embeddable":true,"href":"https:\/\/tvc16.com\/portal\/wp-json\/wp\/v2\/tags?post=7191"}],"curies":[{"name":"wp","href":"https:\/\/api.w.org\/{rel}","templated":true}]}}