{"id":7194,"date":"2020-12-02T11:56:41","date_gmt":"2020-12-02T14:56:41","guid":{"rendered":"https:\/\/tvc16.com\/portal\/?p=7194"},"modified":"2020-12-02T11:56:44","modified_gmt":"2020-12-02T14:56:44","slug":"procon-petropolis-alerta-consumidores-sobre-aumento-na-conta-de-luz-em-dezembro","status":"publish","type":"post","link":"https:\/\/tvc16.com\/portal\/2020\/12\/02\/procon-petropolis-alerta-consumidores-sobre-aumento-na-conta-de-luz-em-dezembro\/","title":{"rendered":"Procon Petr\u00f3polis alerta consumidores sobre aumento na conta de luz em dezembro"},"content":{"rendered":"\n<p>O Procon Petr\u00f3polis alerta os consumidores da cidade que a partir de hoje (01\/12) a conta de luz ficar\u00e1 mais cara. A Ag\u00eancia Nacional de Energia El\u00e9trica (Aneel) decidiu, ontem, que valer\u00e1 para este m\u00eas a \u201cBandeira Vermelha Patamar 2\u201d. O \u00f3rg\u00e3o orienta as pessoas a observar o consumo e economizar para n\u00e3o sentir o impacto no bolso.<\/p>\n\n\n\n<p>A diretoria da Aneel decidiu, em reuni\u00e3o extraordin\u00e1ria realizada nesta segunda-feira (30\/11), que haver\u00e1 cobran\u00e7a extra na conta de luz dos consumidores a partir desta ter\u00e7a (01\/12). Ficou estabelecida a bandeira vermelha patamar 2 neste m\u00eas, com custo de R$ 6,24 para cada 100 quilowatts-hora consumidos.<\/p>\n\n\n\n<p>O Procon alerta os consumidores para que fiquem atentos aos valores cobrados e acompanhem de perto o consumo de energia, observando o medidor regularmente para evitar surpresas na hora de pagar a conta. Medidas de economia tamb\u00e9m devem ser tomadas, como manter as luzes apagadas durante o dia, em dias de calor evitar usar o chuveiro el\u00e9trico e tentar reduzir o uso de eletrodom\u00e9sticos.<\/p>\n\n\n\n<p>Para a Coordenadora do Procon, Raquel Motta, uma aten\u00e7\u00e3o especial ao consumo nesse momento \u00e9 fundamental. \u201c\u00c9 importante que os consumidores possam acompanhar os valores cobrados. Uma dica \u00e9 acompanhar o consumo atrav\u00e9s dos medidores. Normalmente o consumidor n\u00e3o tem o h\u00e1bito de verificar os medidores, nem mesmo sabem a data de leitura. Isso \u00e9 importante porque \u00e9 um modo de controle da conta. Outra dica importante \u00e9 economizar tanto o gasto com luz quanto o de \u00e1gua. Em casa tempo de uso do banho ,luz esquecida acessa. Consumo consciente \u00e9 palavra de ordem para quem quer pagar menos nas contas\u201d, disse Raquel.<\/p>\n\n\n\n<p>Vale destacar que, por conta da Pandemia, a Aneel havia congelado em \u201cBandeira Verde\u201d, na qual n\u00e3o \u00e9 cobrada qualquer tarifa. A justificativa para a Bandeira Vermelha Patamar 2 em dezembro \u00e9 o baixo volume de \u00e1gua nos reservat\u00f3rios.<\/p>\n\n\n\n<p>Qualquer problema que o consumidor tiver com a conta de luz pode recorrer \u00e0s ag\u00eancias da Enel e, no caso de n\u00e3o resolu\u00e7\u00e3o dos problemas com n\u00famero do protocolo na ag\u00eancia procurar o Procon, ou pelos canais de atendimento do \u00f3rg\u00e3o.<\/p>\n","protected":false},"excerpt":{"rendered":"<p>O Procon Petr\u00f3polis alerta os consumidores da cidade que a partir de hoje (01\/12) a<\/p>\n","protected":false},"author":2,"featured_media":7195,"comment_status":"open","ping_status":"open","sticky":false,"template":"","format":"standard","meta":{"footnotes":""},"categories":[12],"tags":[],"class_list":["post-7194","post","type-post","status-publish","format-standard","has-post-thumbnail","hentry","category-cidade"],"_links":{"self":[{"href":"https:\/\/tvc16.com\/portal\/wp-json\/wp\/v2\/posts\/7194","targetHints":{"allow":["GET"]}}],"collection":[{"href":"https:\/\/tvc16.com\/portal\/wp-json\/wp\/v2\/posts"}],"about":[{"href":"https:\/\/tvc16.com\/portal\/wp-json\/wp\/v2\/types\/post"}],"author":[{"embeddable":true,"href":"https:\/\/tvc16.com\/portal\/wp-json\/wp\/v2\/users\/2"}],"replies":[{"embeddable":true,"href":"https:\/\/tvc16.com\/portal\/wp-json\/wp\/v2\/comments?post=7194"}],"version-history":[{"count":1,"href":"https:\/\/tvc16.com\/portal\/wp-json\/wp\/v2\/posts\/7194\/revisions"}],"predecessor-version":[{"id":7196,"href":"https:\/\/tvc16.com\/portal\/wp-json\/wp\/v2\/posts\/7194\/revisions\/7196"}],"wp:featuredmedia":[{"embeddable":true,"href":"https:\/\/tvc16.com\/portal\/wp-json\/wp\/v2\/media\/7195"}],"wp:attachment":[{"href":"https:\/\/tvc16.com\/portal\/wp-json\/wp\/v2\/media?parent=7194"}],"wp:term":[{"taxonomy":"category","embeddable":true,"href":"https:\/\/tvc16.com\/portal\/wp-json\/wp\/v2\/categories?post=7194"},{"taxonomy":"post_tag","embeddable":true,"href":"https:\/\/tvc16.com\/portal\/wp-json\/wp\/v2\/tags?post=7194"}],"curies":[{"name":"wp","href":"https:\/\/api.w.org\/{rel}","templated":true}]}}