{"id":7203,"date":"2020-12-02T12:05:19","date_gmt":"2020-12-02T15:05:19","guid":{"rendered":"https:\/\/tvc16.com\/portal\/?p=7203"},"modified":"2020-12-02T12:05:23","modified_gmt":"2020-12-02T15:05:23","slug":"caixa-paga-r-12-bi-de-auxilio-emergencial-a-nascidos-em-julho","status":"publish","type":"post","link":"https:\/\/tvc16.com\/portal\/2020\/12\/02\/caixa-paga-r-12-bi-de-auxilio-emergencial-a-nascidos-em-julho\/","title":{"rendered":"Caixa paga R$ 1,2 bi de aux\u00edlio emergencial a nascidos em julho"},"content":{"rendered":"\n<h3 class=\"wp-block-heading\">Recebem o benef\u00edcio 3,4 milh\u00f5es que n\u00e3o fazem parte do Bolsa Fam\u00edlia<\/h3>\n\n\n\n<h4 class=\"wp-block-heading\">Por Andreia Verd\u00e9lio \u2013 Rep\u00f3rter da Ag\u00eancia Brasil &#8211; Bras\u00edlia<\/h4>\n\n\n\n<p>A Caixa Econ\u00f4mica Federal paga&nbsp;hoje&nbsp;(2) o aux\u00edlio emergencial para 3,4 milh\u00f5es de brasileiros nascidos em julho. Ser\u00e3o liberados R$ 1,2 bilh\u00e3o para benefici\u00e1rios que n\u00e3o fazem parte do Bolsa Fam\u00edlia, no ciclo 5 de pagamentos do programa. Os pertencentes ao Bolsa Fam\u00edlia recebem de acordo com o calend\u00e1rio do programa social.<img decoding=\"async\" src=\"https:\/\/agenciabrasil.ebc.com.br\/ebc.png?id=1395229&amp;o=node\"><img decoding=\"async\" src=\"https:\/\/agenciabrasil.ebc.com.br\/ebc.gif?id=1395229&amp;o=node\"><\/p>\n\n\n\n<p>Do total, 176,8 mil receber\u00e3o R$ 117,2 milh\u00f5es referentes a parcela do aux\u00edlio emergencial regular, no valor de R$ 600 (R$ 1,2 mil para m\u00e3es chefes de fam\u00edlia). Os demais, 3,2 milh\u00f5es, ser\u00e3o contemplados com parcela do aux\u00edlio emergencial extens\u00e3o de R$ 300 (R$ 600 para m\u00e3es chefes de fam\u00edlia), num total de R$ 1,1 bilh\u00e3o.<\/p>\n\n\n\n<p>Os recursos estar\u00e3o dispon\u00edveis na poupan\u00e7a social digital e poder\u00e3o ser movimentados pelo aplicativo Caixa Tem. Com ele \u00e9 poss\u00edvel fazer compras na internet e nas maquininhas em diversos estabelecimentos comerciais, por meio do cart\u00e3o de d\u00e9bito virtual e QR Code. O benefici\u00e1rio tamb\u00e9m pode pagar boletos e contas, como \u00e1gua e telefone, pelo pr\u00f3prio aplicativo ou nas casas lot\u00e9ricas.<\/p>\n\n\n\n<p>O calend\u00e1rio de pagamentos do aux\u00edlio emergencial \u00e9 organizado em ciclos de cr\u00e9dito em conta poupan\u00e7a social digital e de saque em esp\u00e9cie. Os benefici\u00e1rios recebem a parcela a que t\u00eam direito no per\u00edodo, de acordo com o m\u00eas de nascimento.<\/p>\n\n\n\n<p>Saques e transfer\u00eancias para quem recebe o cr\u00e9dito nesta sexta-feira ser\u00e3o liberados a partir do dia&nbsp;15 de janeiro. A partir dessa data, o benefici\u00e1rio poder\u00e1 retirar o aux\u00edlio emergencial no caixa eletr\u00f4nico, nas ag\u00eancias da Caixa ou lot\u00e9ricas ou usar o aplicativo Caixa Tem para transferir o dinheiro da poupan\u00e7a digital para contas em outros bancos, sem o pagamento de tarifas.<\/p>\n\n\n\n<p>O aux\u00edlio emergencial criado em abril pelo governo federal, pago em cinco parcelas de R$ 600 ou R$ 1,2 mil, foi estendido at\u00e9&nbsp;31 de dezembro, por meio da Medida Provis\u00f3ria (MP) 1000. O aux\u00edlio emergencial extens\u00e3o ser\u00e1 pago em at\u00e9 quatro parcelas de R$ 300,00 cada; no caso das m\u00e3es chefes de fam\u00edlia monoparental, o valor \u00e9 de R$ 600,00. Somente aqueles que j\u00e1 foram beneficiados e se enquadram nos novos requisitos estabelecidos na MP est\u00e3o recebendo o benef\u00edcio.<\/p>\n\n\n\n<p>Edi\u00e7\u00e3o: Maria Claudia<\/p>\n","protected":false},"excerpt":{"rendered":"<p>Recebem o benef\u00edcio 3,4 milh\u00f5es que n\u00e3o fazem parte do Bolsa Fam\u00edlia Por Andreia Verd\u00e9lio<\/p>\n","protected":false},"author":2,"featured_media":7204,"comment_status":"open","ping_status":"open","sticky":false,"template":"","format":"standard","meta":{"footnotes":""},"categories":[14],"tags":[],"class_list":["post-7203","post","type-post","status-publish","format-standard","has-post-thumbnail","hentry","category-pais"],"_links":{"self":[{"href":"https:\/\/tvc16.com\/portal\/wp-json\/wp\/v2\/posts\/7203","targetHints":{"allow":["GET"]}}],"collection":[{"href":"https:\/\/tvc16.com\/portal\/wp-json\/wp\/v2\/posts"}],"about":[{"href":"https:\/\/tvc16.com\/portal\/wp-json\/wp\/v2\/types\/post"}],"author":[{"embeddable":true,"href":"https:\/\/tvc16.com\/portal\/wp-json\/wp\/v2\/users\/2"}],"replies":[{"embeddable":true,"href":"https:\/\/tvc16.com\/portal\/wp-json\/wp\/v2\/comments?post=7203"}],"version-history":[{"count":1,"href":"https:\/\/tvc16.com\/portal\/wp-json\/wp\/v2\/posts\/7203\/revisions"}],"predecessor-version":[{"id":7205,"href":"https:\/\/tvc16.com\/portal\/wp-json\/wp\/v2\/posts\/7203\/revisions\/7205"}],"wp:featuredmedia":[{"embeddable":true,"href":"https:\/\/tvc16.com\/portal\/wp-json\/wp\/v2\/media\/7204"}],"wp:attachment":[{"href":"https:\/\/tvc16.com\/portal\/wp-json\/wp\/v2\/media?parent=7203"}],"wp:term":[{"taxonomy":"category","embeddable":true,"href":"https:\/\/tvc16.com\/portal\/wp-json\/wp\/v2\/categories?post=7203"},{"taxonomy":"post_tag","embeddable":true,"href":"https:\/\/tvc16.com\/portal\/wp-json\/wp\/v2\/tags?post=7203"}],"curies":[{"name":"wp","href":"https:\/\/api.w.org\/{rel}","templated":true}]}}