{"id":7209,"date":"2020-12-02T12:07:44","date_gmt":"2020-12-02T15:07:44","guid":{"rendered":"https:\/\/tvc16.com\/portal\/?p=7209"},"modified":"2020-12-02T12:07:47","modified_gmt":"2020-12-02T15:07:47","slug":"producao-industrial-cresceu-11-em-outubro-diz-ibge","status":"publish","type":"post","link":"https:\/\/tvc16.com\/portal\/2020\/12\/02\/producao-industrial-cresceu-11-em-outubro-diz-ibge\/","title":{"rendered":"Produ\u00e7\u00e3o industrial cresceu 1,1% em outubro, diz IBGE"},"content":{"rendered":"\n<h3 class=\"wp-block-heading\">No acumulado do ano, a produ\u00e7\u00e3o ainda \u00e9 negativa (-6,3%)<\/h3>\n\n\n\n<h4 class=\"wp-block-heading\">Por Cristina Indio do Brasil &#8211; Rep\u00f3rter da Ag\u00eancia Brasil &#8211; Rio de Janeiro<\/h4>\n\n\n\n<p>Pelo sexto m\u00eas seguido, a produ\u00e7\u00e3o da ind\u00fastria nacional registrou crescimento em outubro, de&nbsp;1,1%, se comparado a setembro. Com o resultado acumulado de 39% em seis meses, o setor est\u00e1 1,4 ponto percentual acima do patamar de fevereiro \u2013 antes da pandemia de covid-19. No acumulado do ano a produ\u00e7\u00e3o ainda \u00e9 negativa (-6,3%), sendo que nos&nbsp;\u00faltimos 12 meses foi registrada queda de 5,6%. Em rela\u00e7\u00e3o a outubro de 2019, a produ\u00e7\u00e3o subiu 0,3%. Na compara\u00e7\u00e3o com o n\u00edvel recorde de produ\u00e7\u00e3o, alcan\u00e7ado em maio de 2011, a ind\u00fastria ainda se encontra 14,9% abaixo do pico. Os dados s\u00e3o da Pesquisa Industrial Mensal (PIM), divulgada hoje (2) pelo Instituto Brasileiro de Geografia e Estat\u00edstica (IBGE).<img decoding=\"async\" src=\"https:\/\/agenciabrasil.ebc.com.br\/ebc.png?id=1395231&amp;o=node\"><img decoding=\"async\" src=\"https:\/\/agenciabrasil.ebc.com.br\/ebc.gif?id=1395231&amp;o=node\"><\/p>\n\n\n\n<p>\u201cOs dados mostram que tem algum grau de recupera\u00e7\u00e3o. As medidas emergenciais foram importantes, mas ainda tem um espa\u00e7o para ser considerado\u201d, disse o gerente da pesquisa, Andr\u00e9 Macedo.<\/p>\n\n\n\n<p>De acordo com os dados, duas das quatro grandes categorias econ\u00f4micas apresentaram crescimento, com destaque para bens de capital que avan\u00e7ou 7% de setembro para outubro; e bens de consumo dur\u00e1veis com alta de 1,4%. Essas categorias tamb\u00e9m tiveram o sexto m\u00eas seguido de expans\u00e3o na produ\u00e7\u00e3o, com acumulados de 111,5% e 506,7%, respectivamente. Bens de capital est\u00e1 3,5% acima do patamar de fevereiro, enquanto bens de consumo dur\u00e1veis ainda est\u00e1 4,2% abaixo.<\/p>\n\n\n\n<p>A categoria de bens intermedi\u00e1rios registrou queda de 0,2% e bens de consumo semi e n\u00e3o dur\u00e1veis de 0,1%. Os recuos interromperam cinco meses consecutivos de crescimento na produ\u00e7\u00e3o, com ganhos acumulados de 26,6% e 30,4%, respectivamente.<\/p>\n\n\n\n<p>Para o gerente, o crescimento de outubro refletiu um comportamento diferente dos \u00faltimos meses, que vinha com avan\u00e7os disseminados entre os ramos. Agora, 15 dos 26 ramos pesquisados mostraram alta na produ\u00e7\u00e3o. Em setembro foi de 22 das 26. Segundo Andr\u00e9 Macedo, o efeito da pandemia foi evidente no setor, principalmente, nos meses de mar\u00e7o e abril, com medidas de distanciamento social mais rigorosas.<\/p>\n\n\n\n<p>\u201cMesmo com essa sequ\u00eancia de altas e a recupera\u00e7\u00e3o ao patamar de fevereiro, o acumulado do ano ainda \u00e9 negativo\u201d, disse.<\/p>\n\n\n\n<h2 class=\"wp-block-heading\">Atividades<\/h2>\n\n\n\n<p>A influ\u00eancia mais relevante entre as atividades na passagem de setembro para outubro foi de ve\u00edculos automotores, reboques e carrocerias, que subiu 4,7%. O ramo foi muito prejudicado nos meses cr\u00edticos da pandemia e acumulou expans\u00e3o de 1.075,8% nos \u00faltimos seis meses. Mesmo assim, est\u00e1 9,1% abaixo do patamar de fevereiro. \u201cAs perdas foram muito acentuadas em mar\u00e7o e abril\u201d, pontuou o gerente.<\/p>\n\n\n\n<p>Tamb\u00e9m tiveram influ\u00eancia positiva no resultado do m\u00eas na ind\u00fastria a metalurgia (3,1%), produtos farmoqu\u00edmicos e farmac\u00eauticos (4,5%), m\u00e1quinas e equipamentos (2,2%), produtos de metal (2,8%), couro, artigos para viagem e cal\u00e7ados (5,7%), produtos de minerais n\u00e3o met\u00e1licos (2,3%), confec\u00e7\u00e3o de artigos do vestu\u00e1rio e acess\u00f3rios (5,0%) e produtos de borracha e de material pl\u00e1stico (2,1%).<\/p>\n\n\n\n<p>Os principais impactos negativos entre as atividades foram em produtos aliment\u00edcios (-2,8%), que vinha de tr\u00eas meses de altas seguidas com acumulado de 4,3%. Tamb\u00e9m contribu\u00edram negativamente o setor de ind\u00fastrias extrativas (-2,4%), que teve o segundo m\u00eas de queda seguido e perda acumulada de 7,0%. Conforme a pesquisa, houve recuos relevantes em coque, produtos derivados do petr\u00f3leo e biocombust\u00edveis (-1,2%), Produtos do fumo (-18,7%) e Outros produtos qu\u00edmicos (-2,3%).<\/p>\n\n\n\n<p>Para o avan\u00e7o de 0,3% na compara\u00e7\u00e3o com outubro de 2019, contribu\u00edram os resultados positivos em duas das quatro grandes categorias econ\u00f4micas, 16 dos 26 ramos, 45 dos 79 grupos e 50,8% dos 805 produtos pesquisados. Isso ocorreu apesar de outubro de 2020 ter dois dias \u00fateis a menos do que o mesmo m\u00eas do ano anterior.<\/p>\n\n\n\n<p>Edi\u00e7\u00e3o: Val\u00e9ria Aguiar<\/p>\n","protected":false},"excerpt":{"rendered":"<p>No acumulado do ano, a produ\u00e7\u00e3o ainda \u00e9 negativa (-6,3%) Por Cristina Indio do Brasil<\/p>\n","protected":false},"author":2,"featured_media":7210,"comment_status":"open","ping_status":"open","sticky":false,"template":"","format":"standard","meta":{"footnotes":""},"categories":[18],"tags":[],"class_list":["post-7209","post","type-post","status-publish","format-standard","has-post-thumbnail","hentry","category-economia"],"_links":{"self":[{"href":"https:\/\/tvc16.com\/portal\/wp-json\/wp\/v2\/posts\/7209","targetHints":{"allow":["GET"]}}],"collection":[{"href":"https:\/\/tvc16.com\/portal\/wp-json\/wp\/v2\/posts"}],"about":[{"href":"https:\/\/tvc16.com\/portal\/wp-json\/wp\/v2\/types\/post"}],"author":[{"embeddable":true,"href":"https:\/\/tvc16.com\/portal\/wp-json\/wp\/v2\/users\/2"}],"replies":[{"embeddable":true,"href":"https:\/\/tvc16.com\/portal\/wp-json\/wp\/v2\/comments?post=7209"}],"version-history":[{"count":1,"href":"https:\/\/tvc16.com\/portal\/wp-json\/wp\/v2\/posts\/7209\/revisions"}],"predecessor-version":[{"id":7211,"href":"https:\/\/tvc16.com\/portal\/wp-json\/wp\/v2\/posts\/7209\/revisions\/7211"}],"wp:featuredmedia":[{"embeddable":true,"href":"https:\/\/tvc16.com\/portal\/wp-json\/wp\/v2\/media\/7210"}],"wp:attachment":[{"href":"https:\/\/tvc16.com\/portal\/wp-json\/wp\/v2\/media?parent=7209"}],"wp:term":[{"taxonomy":"category","embeddable":true,"href":"https:\/\/tvc16.com\/portal\/wp-json\/wp\/v2\/categories?post=7209"},{"taxonomy":"post_tag","embeddable":true,"href":"https:\/\/tvc16.com\/portal\/wp-json\/wp\/v2\/tags?post=7209"}],"curies":[{"name":"wp","href":"https:\/\/api.w.org\/{rel}","templated":true}]}}