{"id":7215,"date":"2020-12-02T12:09:36","date_gmt":"2020-12-02T15:09:36","guid":{"rendered":"https:\/\/tvc16.com\/portal\/?p=7215"},"modified":"2020-12-02T12:09:39","modified_gmt":"2020-12-02T15:09:39","slug":"mec-determina-volta-as-aulas-presenciais-a-partir-de-janeiro","status":"publish","type":"post","link":"https:\/\/tvc16.com\/portal\/2020\/12\/02\/mec-determina-volta-as-aulas-presenciais-a-partir-de-janeiro\/","title":{"rendered":"MEC determina volta \u00e0s aulas presenciais a partir de janeiro"},"content":{"rendered":"\n<h3 class=\"wp-block-heading\">A medida vale para as institui\u00e7\u00f5es federais de ensino superior<\/h3>\n\n\n\n<h4 class=\"wp-block-heading\">Por Ag\u00eancia Brasil &#8211; Bras\u00edlia<\/h4>\n\n\n\n<p>O&nbsp;<em>Di\u00e1rio Oficial da Uni\u00e3o<\/em>&nbsp;publica, nesta quarta-feira (2),&nbsp;<a href=\"https:\/\/www.in.gov.br\/web\/dou\/-\/portaria-n-1.030-de-1-de-dezembro-de-2020-291532789\" target=\"_blank\" rel=\"noreferrer noopener\">portaria do Minist\u00e9rio da Educa\u00e7\u00e3o (MEC)<\/a>, determinando que institui\u00e7\u00f5es federais de ensino superior voltem \u00e0s aulas presenciais, a partir de 4 de janeiro de 2021. Para isso, as institui\u00e7\u00f5es devem adotar um &#8220;protocolo de biosseguran\u00e7a&#8221;, definido na&nbsp;<a href=\"https:\/\/www.in.gov.br\/en\/web\/dou\/-\/portaria-n-572-de-1-de-julho-de-2020-264670332\" target=\"_blank\" rel=\"noreferrer noopener\">Portaria MEC n\u00ba 572, de 1\u00ba de julho de 2020<\/a>, contra a propaga\u00e7\u00e3o do novo coronav\u00edrus (covid-19).<img decoding=\"async\" src=\"https:\/\/agenciabrasil.ebc.com.br\/ebc.png?id=1395218&amp;o=node\"><img decoding=\"async\" src=\"https:\/\/agenciabrasil.ebc.com.br\/ebc.gif?id=1395218&amp;o=node\"><\/p>\n\n\n\n<p>O documento estabelece ainda a ado\u00e7\u00e3o de recursos educacionais digitais, tecnologias de informa\u00e7\u00e3o e comunica\u00e7\u00e3o ou outros meios convencionais, que dever\u00e3o ser \u201cutilizados de forma complementar, em car\u00e1ter excepcional, para integraliza\u00e7\u00e3o da carga hor\u00e1ria das atividades pedag\u00f3gicas\u201d.<\/p>\n\n\n\n<p>O texto da portaria diz, tamb\u00e9m, que as \u201cpr\u00e1ticas profissionais de est\u00e1gios ou as que exijam laborat\u00f3rios especializados, a aplica\u00e7\u00e3o da excepcionalidade\u201d, devem obedecer \u00e0s Diretrizes Nacionais Curriculares aprovadas pelo Conselho Nacional de Educa\u00e7\u00e3o (CNE), \u201cficando vedada a aplica\u00e7\u00e3o da excepcionalidade aos cursos que n\u00e3o estejam disciplinados pelo CNE\u201d.<\/p>\n\n\n\n<p>O documento estabelece&nbsp;que, especificamente&nbsp;para o curso de medicina, &#8220;fica autorizada a excepcionalidade apenas \u00e0s disciplinas te\u00f3rico-cognitivas do primeiro ao quarto ano do curso, conforme disciplinado pelo CNE&#8221;.<\/p>\n\n\n\n<p>Edi\u00e7\u00e3o: A\u00e9cio Amado<\/p>\n","protected":false},"excerpt":{"rendered":"<p>A medida vale para as institui\u00e7\u00f5es federais de ensino superior Por Ag\u00eancia Brasil &#8211; Bras\u00edlia<\/p>\n","protected":false},"author":2,"featured_media":7216,"comment_status":"open","ping_status":"open","sticky":false,"template":"","format":"standard","meta":{"footnotes":""},"categories":[19],"tags":[],"class_list":["post-7215","post","type-post","status-publish","format-standard","has-post-thumbnail","hentry","category-educacao"],"_links":{"self":[{"href":"https:\/\/tvc16.com\/portal\/wp-json\/wp\/v2\/posts\/7215","targetHints":{"allow":["GET"]}}],"collection":[{"href":"https:\/\/tvc16.com\/portal\/wp-json\/wp\/v2\/posts"}],"about":[{"href":"https:\/\/tvc16.com\/portal\/wp-json\/wp\/v2\/types\/post"}],"author":[{"embeddable":true,"href":"https:\/\/tvc16.com\/portal\/wp-json\/wp\/v2\/users\/2"}],"replies":[{"embeddable":true,"href":"https:\/\/tvc16.com\/portal\/wp-json\/wp\/v2\/comments?post=7215"}],"version-history":[{"count":1,"href":"https:\/\/tvc16.com\/portal\/wp-json\/wp\/v2\/posts\/7215\/revisions"}],"predecessor-version":[{"id":7217,"href":"https:\/\/tvc16.com\/portal\/wp-json\/wp\/v2\/posts\/7215\/revisions\/7217"}],"wp:featuredmedia":[{"embeddable":true,"href":"https:\/\/tvc16.com\/portal\/wp-json\/wp\/v2\/media\/7216"}],"wp:attachment":[{"href":"https:\/\/tvc16.com\/portal\/wp-json\/wp\/v2\/media?parent=7215"}],"wp:term":[{"taxonomy":"category","embeddable":true,"href":"https:\/\/tvc16.com\/portal\/wp-json\/wp\/v2\/categories?post=7215"},{"taxonomy":"post_tag","embeddable":true,"href":"https:\/\/tvc16.com\/portal\/wp-json\/wp\/v2\/tags?post=7215"}],"curies":[{"name":"wp","href":"https:\/\/api.w.org\/{rel}","templated":true}]}}