{"id":7221,"date":"2020-12-02T12:12:47","date_gmt":"2020-12-02T15:12:47","guid":{"rendered":"https:\/\/tvc16.com\/portal\/?p=7221"},"modified":"2020-12-02T12:12:50","modified_gmt":"2020-12-02T15:12:50","slug":"serie-b-vitoria-goleia-ultrapassa-parana-e-afunda-rival-na-crise","status":"publish","type":"post","link":"https:\/\/tvc16.com\/portal\/2020\/12\/02\/serie-b-vitoria-goleia-ultrapassa-parana-e-afunda-rival-na-crise\/","title":{"rendered":"S\u00e9rie B: Vit\u00f3ria goleia, ultrapassa Paran\u00e1 e afunda rival na crise"},"content":{"rendered":"\n<h3 class=\"wp-block-heading\">Em Campinas (SP), Ponte Preta e Sampaio Corr\u00eaa ficam no 1 a 1<\/h3>\n\n\n\n<h4 class=\"wp-block-heading\">Por Lincoln Chaves &#8211; Rep\u00f3rter da R\u00e1dio Nacional e da TV Brasil \u2013 S\u00e3o Paulo &#8211; Ag\u00eancia Brasil &#8211; S\u00e3o Paulo<\/h4>\n\n\n\n<p>A crise do Paran\u00e1 na S\u00e9rie B do Campeonato Brasileiro parece n\u00e3o&nbsp;ter&nbsp;fim. Nesta&nbsp;ter\u00e7a-feira (1), o Tricolor da Vila Capanema foi goleado pelo Vit\u00f3ria por 4 a 1 no est\u00e1dio Durival Britto, em Curitiba, pela 25\u00aa rodada da competi\u00e7\u00e3o. Com o resultado, o Rubro-Negro ultrapassou o pr\u00f3prio rival na tabela, respirando na luta contra o rebaixamento. A equipe baiana assumiu o 14\u00ba lugar, com 32 pontos, abrindo oito para o N\u00e1utico, primeiro time no Z-4. Os paranaenses, com 29 pontos, ca\u00edram para a 15\u00aa posi\u00e7\u00e3o e acumulam cinco derrotas consecutivas.<img decoding=\"async\" src=\"https:\/\/agenciabrasil.ebc.com.br\/ebc.png?id=1395197&amp;o=node\"><img decoding=\"async\" src=\"https:\/\/agenciabrasil.ebc.com.br\/ebc.gif?id=1395197&amp;o=node\"><\/p>\n\n\n\n<p>O meia Vico, de falta, abriu o placar para o Vit\u00f3ria no primeiro tempo. O atacante L\u00e9o Cear\u00e1, batendo p\u00eanalti, ampliou na etapa final. O lateral Jean, contra,\u00a0fez\u00a0o terceiro dos baianos. O meia Vitinho diminuiu para o Paran\u00e1, mas, no fim da partida, L\u00e9o Cear\u00e1\u00a0chutou\u00a0com categoria, no \u00e2ngulo, para sacramentar o triunfo rubro-negro.<\/p>\n\n\n\n<p>Ambos os times voltam a campo nesta&nbsp;sexta-feira (4), pela 25\u00aa rodada da S\u00e9rie B. \u00c0s 19h15 (hor\u00e1rio de Bras\u00edlia), o Vit\u00f3ria recebe o Confian\u00e7a no Barrad\u00e3o, em Salvador. J\u00e1 \u00e0s 21h30, o Paran\u00e1 visita a Ponte Preta no est\u00e1dio Mois\u00e9s Lucarelli, em Campinas (SP).<\/p>\n\n\n\n<p>A Macaca, por sua vez, empatou em casa por 1 a 1 com o Sampaio Corr\u00eaa. O atacante Caio Dantas, artilheiro da S\u00e9rie B com 16 gols, abriu o placar ainda no primeiro tempo, de p\u00eanalti, mas o zagueiro Ruan Renato, na&nbsp;segunda&nbsp;etapa, deixou tudo igual no Mois\u00e9s Lucarelli.<\/p>\n\n\n\n<p>A Ponte, com 37 pontos,&nbsp;subiu uma posi\u00e7\u00e3o e agora est\u00e1 em s\u00e9timo, mas perdeu a chance de se aproximar de vez do pr\u00f3prio Sampaio e do G-4. A Bol\u00edvia Querida aparece em terceiro, com 41 pontos, mas pode ser ultrapassada pelo Juventude, quarto colocado com um ponto a menos. Na&nbsp;quarta-feira (2), o time ga\u00facho visita o vice-lanterna Botafogo-SP, \u00e0s 19h, em Ribeir\u00e3o Preto (SP). O clube de S\u00e3o Lu\u00eds joga novamente no&nbsp;s\u00e1bado&nbsp;(4), \u00e0s 19h, em casa, contra o CRB, pela 25\u00aa rodada.<\/p>\n\n\n\n<p>Edi\u00e7\u00e3o: Carol Jardim<\/p>\n","protected":false},"excerpt":{"rendered":"<p>Em Campinas (SP), Ponte Preta e Sampaio Corr\u00eaa ficam no 1 a 1 Por Lincoln<\/p>\n","protected":false},"author":2,"featured_media":7222,"comment_status":"open","ping_status":"open","sticky":false,"template":"","format":"standard","meta":{"footnotes":""},"categories":[20],"tags":[],"class_list":["post-7221","post","type-post","status-publish","format-standard","has-post-thumbnail","hentry","category-esporte"],"_links":{"self":[{"href":"https:\/\/tvc16.com\/portal\/wp-json\/wp\/v2\/posts\/7221","targetHints":{"allow":["GET"]}}],"collection":[{"href":"https:\/\/tvc16.com\/portal\/wp-json\/wp\/v2\/posts"}],"about":[{"href":"https:\/\/tvc16.com\/portal\/wp-json\/wp\/v2\/types\/post"}],"author":[{"embeddable":true,"href":"https:\/\/tvc16.com\/portal\/wp-json\/wp\/v2\/users\/2"}],"replies":[{"embeddable":true,"href":"https:\/\/tvc16.com\/portal\/wp-json\/wp\/v2\/comments?post=7221"}],"version-history":[{"count":1,"href":"https:\/\/tvc16.com\/portal\/wp-json\/wp\/v2\/posts\/7221\/revisions"}],"predecessor-version":[{"id":7223,"href":"https:\/\/tvc16.com\/portal\/wp-json\/wp\/v2\/posts\/7221\/revisions\/7223"}],"wp:featuredmedia":[{"embeddable":true,"href":"https:\/\/tvc16.com\/portal\/wp-json\/wp\/v2\/media\/7222"}],"wp:attachment":[{"href":"https:\/\/tvc16.com\/portal\/wp-json\/wp\/v2\/media?parent=7221"}],"wp:term":[{"taxonomy":"category","embeddable":true,"href":"https:\/\/tvc16.com\/portal\/wp-json\/wp\/v2\/categories?post=7221"},{"taxonomy":"post_tag","embeddable":true,"href":"https:\/\/tvc16.com\/portal\/wp-json\/wp\/v2\/tags?post=7221"}],"curies":[{"name":"wp","href":"https:\/\/api.w.org\/{rel}","templated":true}]}}