{"id":7227,"date":"2020-12-02T12:15:01","date_gmt":"2020-12-02T15:15:01","guid":{"rendered":"https:\/\/tvc16.com\/portal\/?p=7227"},"modified":"2020-12-02T12:15:06","modified_gmt":"2020-12-02T15:15:06","slug":"pazuello-diz-que-aprende-todos-os-dias-como-lidar-com-a-pandemia","status":"publish","type":"post","link":"https:\/\/tvc16.com\/portal\/2020\/12\/02\/pazuello-diz-que-aprende-todos-os-dias-como-lidar-com-a-pandemia\/","title":{"rendered":"Pazuello diz que aprende todos os dias como lidar com a pandemia"},"content":{"rendered":"\n<h3 class=\"wp-block-heading\">Renova\u00e7\u00e3o da validade de testes est\u00e1 em andamento<\/h3>\n\n\n\n<h4 class=\"wp-block-heading\">Por Karine Melo &#8211; Rep\u00f3rter Ag\u00eancia Brasil &#8211; Bras\u00edlia<\/h4>\n\n\n\n<p>O ministro da Sa\u00fade, Eduardo Pazuello, disse hoje (2) em audi\u00eancia na&nbsp; Comiss\u00e3o Mista do Congresso que acompanha a\u00e7\u00f5es do governo para o combate ao novo coronav\u00edrus (covid-19), que o Minist\u00e9rio aprende todos os dias com tratamento da doen\u00e7a.<img decoding=\"async\" src=\"https:\/\/agenciabrasil.ebc.com.br\/ebc.png?id=1395234&amp;o=node\"><img decoding=\"async\" src=\"https:\/\/agenciabrasil.ebc.com.br\/ebc.gif?id=1395234&amp;o=node\"><\/p>\n\n\n\n<p>Segundo Pazuello, \u00e0 medida em que forem encontradas solu\u00e7\u00f5es melhores, mais eficazes comprovadamente para salvar mais vidas com mais efici\u00eancia no tratamento, a pasta n\u00e3o tem medo de mudar. \u201cAprendemos com os erros do in\u00edcio da pandemia, quando foram fechadas as UBSs [Unidades B\u00e1sicas de Sa\u00fade], deixando de atender a popula\u00e7\u00e3o desde o in\u00edcio dos sintomas. Em vez de fazer a triagem correta, havia o medo de contamina\u00e7\u00e3o. O que \u00e9 preciso \u00e9 triar pessoas com sintomas para um lado, pessoas com outras doen\u00e7as para outro lado, com os m\u00e9dicos e as equipes m\u00e9dicas paramentadas, tomando seus cuidados. Deixamos, com isso, de atender a popula\u00e7\u00e3o desde o in\u00edcio\u201d, disse.<\/p>\n\n\n\n<p>Na avalia\u00e7\u00e3o do ministro, o acompanhamento precoce, o diagn\u00f3stico cl\u00ednico do m\u00e9dico, mudou muito o resultado final do tratamento. \u201cE isso n\u00e3o \u00e9 dem\u00e9rito de A e m\u00e9rito de B. \u00c9 aprendizado do sistema, \u00e9 aprendizado dos nossos m\u00e9dicos e dos nossos gestores, que est\u00e3o vendo\u201d.<\/p>\n\n\n\n<p>O ministro Pazuello considerou o lockdown em v\u00e1rias cidades como um erro. Para o ministro, a medida foi implementada sem planejamento, sem conhecimento real da pandemia, somente com base no medo. \u201cIsso tamb\u00e9m n\u00e3o pode ser condenado. As pessoas n\u00e3o tinham o conhecimento de tudo, os gestores n\u00e3o tinham o conhecimento de tudo. N\u00f3s vemos que hoje se toma muito mais cuidado em se fazer um lockdown, em se fazer um afastamento social mais agressivo. \u00c9 o conhecimento\u201d, disse.<\/p>\n\n\n\n<h2 class=\"wp-block-heading\">Validade testes<\/h2>\n\n\n\n<p>Questionado sobre os testes RT-qPCR para o diagn\u00f3stico da doen\u00e7a estocado no Aeroporto de Guarulhos, com validade entre dezembro deste ano e janeiro de 2021, o ministro esclareceu que a validade de itens que comp\u00f5em esses kits v\u00e3o al\u00e9m desse prazo e podem chegar ao final de 2023.&nbsp;<\/p>\n\n\n\n<p>\u201cSobre a caixa do kit, quando chegou, \u00e0 \u00e9poca foi feito um registro inicial com a Anvisa e a empresa, dando uma validade pequena de oito meses, emergencial, para iniciar o uso. Essa validade inicial seria e ser\u00e1 renovada, porque todos os componentes dos testes, como foi apresentado na Comiss\u00e3o Externa da C\u00e2mara, t\u00eam a validade muito mais estendida. N\u00f3s sempre soubemos disso. Isso n\u00e3o \u00e9 uma novidade\u201d, explicou Pazuello, acrescentando que o processo de revalida\u00e7\u00e3o j\u00e1 come\u00e7ou h\u00e1 muito tempo e que as discuss\u00f5es com a empresa e com a Anvisa s\u00e3o anteriores, n\u00e3o s\u00e3o de agora.<\/p>\n\n\n\n<p>O Minist\u00e9rio da Sa\u00fade nega que sejam 6,68 milh\u00f5es de testes estocados como divulgado pela imprensa. Segundo a pasta, 2,8 milh\u00f5es de testes ter\u00e3o o per\u00edodo de validade estendido.<\/p>\n\n\n\n<p>Edi\u00e7\u00e3o: Fernando Fraga<\/p>\n","protected":false},"excerpt":{"rendered":"<p>Renova\u00e7\u00e3o da validade de testes est\u00e1 em andamento Por Karine Melo &#8211; Rep\u00f3rter Ag\u00eancia Brasil<\/p>\n","protected":false},"author":2,"featured_media":7228,"comment_status":"open","ping_status":"open","sticky":false,"template":"","format":"standard","meta":{"footnotes":""},"categories":[15],"tags":[],"class_list":["post-7227","post","type-post","status-publish","format-standard","has-post-thumbnail","hentry","category-politica"],"_links":{"self":[{"href":"https:\/\/tvc16.com\/portal\/wp-json\/wp\/v2\/posts\/7227","targetHints":{"allow":["GET"]}}],"collection":[{"href":"https:\/\/tvc16.com\/portal\/wp-json\/wp\/v2\/posts"}],"about":[{"href":"https:\/\/tvc16.com\/portal\/wp-json\/wp\/v2\/types\/post"}],"author":[{"embeddable":true,"href":"https:\/\/tvc16.com\/portal\/wp-json\/wp\/v2\/users\/2"}],"replies":[{"embeddable":true,"href":"https:\/\/tvc16.com\/portal\/wp-json\/wp\/v2\/comments?post=7227"}],"version-history":[{"count":1,"href":"https:\/\/tvc16.com\/portal\/wp-json\/wp\/v2\/posts\/7227\/revisions"}],"predecessor-version":[{"id":7229,"href":"https:\/\/tvc16.com\/portal\/wp-json\/wp\/v2\/posts\/7227\/revisions\/7229"}],"wp:featuredmedia":[{"embeddable":true,"href":"https:\/\/tvc16.com\/portal\/wp-json\/wp\/v2\/media\/7228"}],"wp:attachment":[{"href":"https:\/\/tvc16.com\/portal\/wp-json\/wp\/v2\/media?parent=7227"}],"wp:term":[{"taxonomy":"category","embeddable":true,"href":"https:\/\/tvc16.com\/portal\/wp-json\/wp\/v2\/categories?post=7227"},{"taxonomy":"post_tag","embeddable":true,"href":"https:\/\/tvc16.com\/portal\/wp-json\/wp\/v2\/tags?post=7227"}],"curies":[{"name":"wp","href":"https:\/\/api.w.org\/{rel}","templated":true}]}}