{"id":723,"date":"2020-09-18T14:44:43","date_gmt":"2020-09-18T14:44:43","guid":{"rendered":"https:\/\/tvc16.com\/portal\/?p=723"},"modified":"2020-09-18T14:44:43","modified_gmt":"2020-09-18T14:44:43","slug":"caixa-paga-auxilio-emergencial-para-4-milhoes-nascidos-em-julho","status":"publish","type":"post","link":"https:\/\/tvc16.com\/portal\/2020\/09\/18\/caixa-paga-auxilio-emergencial-para-4-milhoes-nascidos-em-julho\/","title":{"rendered":"Caixa paga aux\u00edlio emergencial para 4 milh\u00f5es nascidos em julho"},"content":{"rendered":"\n<p>Pagamento faz parte do ciclo 2<\/p>\n\n\n\n<p>A Caixa Econ\u00f4mica Federal paga hoje (16) aux\u00edlio emergencial para 4 milh\u00f5es de benefici\u00e1rios nascidos em julho. O pagamento de hoje faz parte do ciclo 2, que come\u00e7ou pelos benefici\u00e1rios nascidos em janeiro, no dia 28 de agosto. Essa etapa de pagamentos vai at\u00e9 27 de outubro.<img decoding=\"async\" src=\"https:\/\/agenciabrasil.ebc.com.br\/ebc.png?id=1388310&amp;o=node\"><img decoding=\"async\" src=\"https:\/\/agenciabrasil.ebc.com.br\/ebc.gif?id=1388310&amp;o=node\"><\/p>\n\n\n\n<p>Neste ciclo, mais tr\u00eas grupos foram inclu\u00eddos: trabalhadores que fizeram o cadastro nas ag\u00eancias dos Correios entre 2 de junho e 8 de julho; trabalhadores que fizeram a contesta\u00e7\u00e3o pelo site da Caixa ou App Caixa Aux\u00edlio Emergencial de 3 de julho a 16 de agosto e foram considerados eleg\u00edveis; benefici\u00e1rios que tenham recebido a primeira parcela em meses anteriores, mas que tiveram o benef\u00edcio reavaliado em agosto. No caso das reavalia\u00e7\u00f5es, o benef\u00edcio foi liberado novamente para 148 mil pessoas.<\/p>\n\n\n\n<p>Os recursos podem ser movimentados por meio do aplicativo Caixa Tem. Com ele \u00e9 poss\u00edvel pagar boletos e fazer compras na internet e nas maquininhas em mais de 1 milh\u00e3o de estabelecimentos comerciais.<\/p>\n\n\n\n<p>O calend\u00e1rio de pagamentos do aux\u00edlio emergencial \u00e9 organizado em ciclos de cr\u00e9dito em conta poupan\u00e7a social digital e de saque em esp\u00e9cie. Os benefici\u00e1rios recebem a parcela a que t\u00eam direito no per\u00edodo de acordo com o m\u00eas de nascimento. Para os benefici\u00e1rios nascidos em julho, os saques e transfer\u00eancias ser\u00e3o liberados no dia 8 de outubro.<\/p>\n\n\n\n<p>Kelly Oliveira \u2013 Rep\u00f3rter da Ag\u00eancia Brasil &#8211; Bras\u00edlia<\/p>\n\n\n\n<p>Edi\u00e7\u00e3o: Val\u00e9ria Aguiar<\/p>\n","protected":false},"excerpt":{"rendered":"<p>Pagamento faz parte do ciclo 2 A Caixa Econ\u00f4mica Federal paga hoje (16) aux\u00edlio emergencial<\/p>\n","protected":false},"author":2,"featured_media":724,"comment_status":"open","ping_status":"open","sticky":false,"template":"","format":"standard","meta":{"footnotes":""},"categories":[14],"tags":[],"class_list":["post-723","post","type-post","status-publish","format-standard","has-post-thumbnail","hentry","category-pais"],"_links":{"self":[{"href":"https:\/\/tvc16.com\/portal\/wp-json\/wp\/v2\/posts\/723","targetHints":{"allow":["GET"]}}],"collection":[{"href":"https:\/\/tvc16.com\/portal\/wp-json\/wp\/v2\/posts"}],"about":[{"href":"https:\/\/tvc16.com\/portal\/wp-json\/wp\/v2\/types\/post"}],"author":[{"embeddable":true,"href":"https:\/\/tvc16.com\/portal\/wp-json\/wp\/v2\/users\/2"}],"replies":[{"embeddable":true,"href":"https:\/\/tvc16.com\/portal\/wp-json\/wp\/v2\/comments?post=723"}],"version-history":[{"count":1,"href":"https:\/\/tvc16.com\/portal\/wp-json\/wp\/v2\/posts\/723\/revisions"}],"predecessor-version":[{"id":725,"href":"https:\/\/tvc16.com\/portal\/wp-json\/wp\/v2\/posts\/723\/revisions\/725"}],"wp:featuredmedia":[{"embeddable":true,"href":"https:\/\/tvc16.com\/portal\/wp-json\/wp\/v2\/media\/724"}],"wp:attachment":[{"href":"https:\/\/tvc16.com\/portal\/wp-json\/wp\/v2\/media?parent=723"}],"wp:term":[{"taxonomy":"category","embeddable":true,"href":"https:\/\/tvc16.com\/portal\/wp-json\/wp\/v2\/categories?post=723"},{"taxonomy":"post_tag","embeddable":true,"href":"https:\/\/tvc16.com\/portal\/wp-json\/wp\/v2\/tags?post=723"}],"curies":[{"name":"wp","href":"https:\/\/api.w.org\/{rel}","templated":true}]}}