{"id":7230,"date":"2020-12-02T12:16:42","date_gmt":"2020-12-02T15:16:42","guid":{"rendered":"https:\/\/tvc16.com\/portal\/?p=7230"},"modified":"2020-12-02T12:16:45","modified_gmt":"2020-12-02T15:16:45","slug":"covid-19-brasil-tem-1738-mil-mortes-e-638-milhoes-de-casos","status":"publish","type":"post","link":"https:\/\/tvc16.com\/portal\/2020\/12\/02\/covid-19-brasil-tem-1738-mil-mortes-e-638-milhoes-de-casos\/","title":{"rendered":"Covid-19: Brasil tem 173,8 mil mortes e 6,38 milh\u00f5es de casos"},"content":{"rendered":"\n<h3 class=\"wp-block-heading\">Mais de 5,6 milh\u00f5es conseguiram se recuperar da doen\u00e7a<\/h3>\n\n\n\n<h4 class=\"wp-block-heading\">Por Jonas Valente \u2013 Rep\u00f3rter Ag\u00eancia Brasil &#8211; Bras\u00edlia<\/h4>\n\n\n\n<p>As mortes causadas pela pandemia do novo coronav\u00edrus chegaram a 173.817. Entre ontem (30) e hoje (1\u00ba), foram registrados 697 novos \u00f3bitos. Ainda h\u00e1 2.163 mortes em investiga\u00e7\u00e3o.<img decoding=\"async\" src=\"https:\/\/agenciabrasil.ebc.com.br\/ebc.png?id=1395180&amp;o=node\"><img decoding=\"async\" src=\"https:\/\/agenciabrasil.ebc.com.br\/ebc.gif?id=1395180&amp;o=node\"><\/p>\n\n\n\n<p>O n\u00famero de casos acumulados de covid-19 atingiu 6.386.787. Em 24 horas, foram registrados 50.909 diagn\u00f3sticos positivos para a doen\u00e7a.<\/p>\n\n\n\n<p>Os novos dados sobre a pandemia est\u00e3o na atualiza\u00e7\u00e3o di\u00e1ria do Minist\u00e9rio da Sa\u00fade, divulgada em entrevista coletiva nesta ter\u00e7a-feira. O balan\u00e7o \u00e9 formado a partir de informa\u00e7\u00f5es repassadas pelas secretarias estaduais de sa\u00fade.<\/p>\n\n\n\n<p>Ainda conforme a atualiza\u00e7\u00e3o o minist\u00e9rio, h\u00e1 556.472 pacientes em acompanhamento. Outras 5.656.498 pessoas j\u00e1 se recuperaram da doen\u00e7a.<\/p>\n\n\n\n<p>Em geral, o n\u00famero de casos \u00e9 menor aos domingos e segundas-feiras em fun\u00e7\u00e3o da dificuldade de alimenta\u00e7\u00e3o pelas secretarias estaduais de sa\u00fade. J\u00e1 \u00e0s ter\u00e7as-feiras, eles podem subir mais em fun\u00e7\u00e3o do ac\u00famulo de registros.<\/p>\n\n\n\n<h2 class=\"wp-block-heading\">Estados<\/h2>\n\n\n\n<p>A maioria das mortes foram registras em S\u00e3o Paulo (42.290), Rio de Janeiro (22.683), Minas Gerais (10.051), Cear\u00e1 (9.629) e Pernambuco (9.056). As unidades da federa\u00e7\u00e3o com menos \u00f3bitos pela doen\u00e7a s\u00e3o Acre (726), Roraima (728), Amap\u00e1 (810), Tocantins (1.167) e Rond\u00f4nia (1.567).<\/p>\n\n\n\n<figure class=\"wp-block-image\"><img decoding=\"async\" src=\"https:\/\/imagens.ebc.com.br\/xqWnvCROyNtbUnJuNBiwsw_VJJo=\/754x0\/smart\/https:\/\/agenciabrasil.ebc.com.br\/sites\/default\/files\/thumbnails\/image\/whatsapp_image_2020-12-01_at_19.10.25.jpeg?itok=BCqJfdFJ\" alt=\"Situa\u00e7\u00e3o epidemiol\u00f3gica da covid-19 no Brasil 01\/12\/2020\" title=\"01\/12\/2020\/Divulga\u00e7\u00e3o\/Minist\u00e9rio da Sa\u00fade\"\/><\/figure>\n\n\n\n<p>Situa\u00e7\u00e3o epidemiol\u00f3gica da covid-19 no Brasil 01\/12\/2020 &#8211;&nbsp;<strong>01\/12\/2020\/Divulga\u00e7\u00e3o\/Minist\u00e9rio da Sa\u00fade<\/strong><\/p>\n\n\n\n<p>Edi\u00e7\u00e3o: Kelly Oliveira<\/p>\n","protected":false},"excerpt":{"rendered":"<p>Mais de 5,6 milh\u00f5es conseguiram se recuperar da doen\u00e7a Por Jonas Valente \u2013 Rep\u00f3rter Ag\u00eancia<\/p>\n","protected":false},"author":2,"featured_media":7231,"comment_status":"open","ping_status":"open","sticky":false,"template":"","format":"standard","meta":{"footnotes":""},"categories":[13],"tags":[],"class_list":["post-7230","post","type-post","status-publish","format-standard","has-post-thumbnail","hentry","category-saude"],"_links":{"self":[{"href":"https:\/\/tvc16.com\/portal\/wp-json\/wp\/v2\/posts\/7230","targetHints":{"allow":["GET"]}}],"collection":[{"href":"https:\/\/tvc16.com\/portal\/wp-json\/wp\/v2\/posts"}],"about":[{"href":"https:\/\/tvc16.com\/portal\/wp-json\/wp\/v2\/types\/post"}],"author":[{"embeddable":true,"href":"https:\/\/tvc16.com\/portal\/wp-json\/wp\/v2\/users\/2"}],"replies":[{"embeddable":true,"href":"https:\/\/tvc16.com\/portal\/wp-json\/wp\/v2\/comments?post=7230"}],"version-history":[{"count":1,"href":"https:\/\/tvc16.com\/portal\/wp-json\/wp\/v2\/posts\/7230\/revisions"}],"predecessor-version":[{"id":7232,"href":"https:\/\/tvc16.com\/portal\/wp-json\/wp\/v2\/posts\/7230\/revisions\/7232"}],"wp:featuredmedia":[{"embeddable":true,"href":"https:\/\/tvc16.com\/portal\/wp-json\/wp\/v2\/media\/7231"}],"wp:attachment":[{"href":"https:\/\/tvc16.com\/portal\/wp-json\/wp\/v2\/media?parent=7230"}],"wp:term":[{"taxonomy":"category","embeddable":true,"href":"https:\/\/tvc16.com\/portal\/wp-json\/wp\/v2\/categories?post=7230"},{"taxonomy":"post_tag","embeddable":true,"href":"https:\/\/tvc16.com\/portal\/wp-json\/wp\/v2\/tags?post=7230"}],"curies":[{"name":"wp","href":"https:\/\/api.w.org\/{rel}","templated":true}]}}