{"id":7236,"date":"2020-12-02T12:18:41","date_gmt":"2020-12-02T15:18:41","guid":{"rendered":"https:\/\/tvc16.com\/portal\/?p=7236"},"modified":"2020-12-02T12:18:44","modified_gmt":"2020-12-02T15:18:44","slug":"pandemia-dificulta-diagnostico-precoce-de-cancer-de-pele-diz-sbd","status":"publish","type":"post","link":"https:\/\/tvc16.com\/portal\/2020\/12\/02\/pandemia-dificulta-diagnostico-precoce-de-cancer-de-pele-diz-sbd\/","title":{"rendered":"Pandemia dificulta diagn\u00f3stico precoce de c\u00e2ncer de pele, diz SBD"},"content":{"rendered":"\n<h3 class=\"wp-block-heading\">Pedidos de bi\u00f3psia ca\u00edram em todos os estados, com exce\u00e7\u00e3o de Sergipe<\/h3>\n\n\n\n<h4 class=\"wp-block-heading\">Por Marcelo Brand\u00e3o &#8211; Rep\u00f3rter da Ag\u00eancia Brasil &#8211; Bras\u00edlia<\/h4>\n\n\n\n<p>A pandemia de covid-19 no Brasil, que completa dez meses em dezembro, levou muitas pessoas&nbsp;a evitar os hospitais, a n\u00e3o ser em situa\u00e7\u00f5es de urg\u00eancia. Com isso, acendeu-se um alerta na Sociedade Brasileira de Dermatologia (SBD). A entidade verificou que a pandemia afastou pacientes de c\u00e2ncer de pele de consult\u00f3rios e ambulat\u00f3rios, comprometendo o diagn\u00f3stico da doen\u00e7a e, consequentemente, o tratamento precoce. Em 2019, foram 210.032 pedidos de bi\u00f3psias para detec\u00e7\u00e3o do c\u00e2ncer de pele, entre janeiro e setembro. Em 2020, no mesmo per\u00edodo, foram 109.525, 48% a menos.<img decoding=\"async\" src=\"https:\/\/agenciabrasil.ebc.com.br\/ebc.png?id=1395203&amp;o=node\"><img decoding=\"async\" src=\"https:\/\/agenciabrasil.ebc.com.br\/ebc.gif?id=1395203&amp;o=node\"><\/p>\n\n\n\n<p>Com exce\u00e7\u00e3o de Sergipe, todos os estados do pa\u00eds registraram queda. Os dados foram apurados pela SBD a partir de informa\u00e7\u00f5es dispon\u00edveis do Sistema de Informa\u00e7\u00f5es Ambulatoriais do Sistema \u00danico de Sa\u00fade (SUS).<\/p>\n\n\n\n<p>Proporcionalmente, o Acre foi o estado com a maior redu\u00e7\u00e3o nesse tipo de demanda, com 64% a menos em rela\u00e7\u00e3o ao mesmo per\u00edodo de 2019. Outros estados com queda significativa foram Roraima e Bahia (-63%), Alagoas (-58%), Maranh\u00e3o e S\u00e3o Paulo (-57%), Piau\u00ed (-50%), Santa Catarina (-49%), Goi\u00e1s (-48%) e Paran\u00e1 (-46%).<\/p>\n\n\n\n<p>Para o presidente da SDB, S\u00e9rgio Palma, esses n\u00fameros fazem parte do \u201ctriste legado\u201d da pandemia. Ele lembra que, no in\u00edcio da crise, os pr\u00f3prios servi\u00e7os de sa\u00fade desestimularam a ida de pacientes sem gravidade, para evitar a exposi\u00e7\u00e3o desnecess\u00e1ria ao v\u00edrus. Mas, ap\u00f3s esse primeiro momento, o cen\u00e1rio n\u00e3o mudou por iniciativa dos pr\u00f3prios pacientes.<\/p>\n\n\n\n<p>\u201cDepois, a popula\u00e7\u00e3o, por medo de contamina\u00e7\u00e3o pelo v\u00edrus, passou a evitar as consultas, mesmo com a retomada dos atendimentos. Os gestores n\u00e3o t\u00eam responsabilidade por esse cen\u00e1rio, mas recai sobre eles o desenvolvimento de estrat\u00e9gias para resolver o problema.\u201d<\/p>\n\n\n\n<p>Houve queda&nbsp;expressiva&nbsp;na procura por esse atendimento, entre 50% e 60%, em quase todas as faixas et\u00e1rias.&nbsp;Pessoas com idade&nbsp;de 44 a 80 anos foram&nbsp;as que mais deixaram de fazer as avalia\u00e7\u00f5es dermatol\u00f3gicas na compara\u00e7\u00e3o entre per\u00edodos. Por exemplo, entre adultos entre 50 e 54 anos, a redu\u00e7\u00e3o foi de 51%. Em 2019, foram 17.017 atendimentos, j\u00e1 em 2020 foram 8.287.<\/p>\n\n\n\n<p>A situa\u00e7\u00e3o traz um problema adicional, j\u00e1 que a tend\u00eancia \u00e9 que, nos pr\u00f3ximos meses, ocorra um ac\u00famulo de atendimentos na rede p\u00fablica, com a ida de pessoas que deveriam&nbsp;ter&nbsp;ido em 2020, al\u00e9m de outras&nbsp;com chance de iniciar o&nbsp;tratamento precoce da doen\u00e7a.<\/p>\n\n\n\n<p>\u201cAs consequ\u00eancias desse problema ser\u00e3o percebidas em m\u00e9dio e longo prazos. O paciente, ao retardar o seu diagn\u00f3stico e in\u00edcio de tratamento, perde a chance de efetivamente reduzir os efeitos nefastos que um c\u00e2ncer de pele pode causar e que, no limite, pode levar o paciente \u00e0 morte. Temos que pensar em estrat\u00e9gias para reduzir essa lacuna\u201d, disse&nbsp;a coordenadora do Departamento de Oncologia Cut\u00e2nea da SBD, Jade Cury.<\/p>\n\n\n\n<h2 class=\"wp-block-heading\">Dezembro Laranja<\/h2>\n\n\n\n<p>Desde 2014, a SBD promove o Dezembro Laranja, iniciativa que faz parte da&nbsp;Campanha Nacional de Preven\u00e7\u00e3o ao C\u00e2ncer da Pele. No&nbsp;\u00faltimo m\u00eas do ano&nbsp;s\u00e3o&nbsp;realizadas&nbsp;a\u00e7\u00f5es em parceria com institui\u00e7\u00f5es p\u00fablicas e privadas para informar a popula\u00e7\u00e3o&nbsp;sobre as principais formas de preven\u00e7\u00e3o e&nbsp;a procurar um m\u00e9dico especializado para diagn\u00f3stico e tratamento.&nbsp;<\/p>\n\n\n\n<p>Edi\u00e7\u00e3o: Gra\u00e7a Adjuto<\/p>\n","protected":false},"excerpt":{"rendered":"<p>Pedidos de bi\u00f3psia ca\u00edram em todos os estados, com exce\u00e7\u00e3o de Sergipe Por Marcelo Brand\u00e3o<\/p>\n","protected":false},"author":2,"featured_media":7237,"comment_status":"open","ping_status":"open","sticky":false,"template":"","format":"standard","meta":{"footnotes":""},"categories":[13],"tags":[],"class_list":["post-7236","post","type-post","status-publish","format-standard","has-post-thumbnail","hentry","category-saude"],"_links":{"self":[{"href":"https:\/\/tvc16.com\/portal\/wp-json\/wp\/v2\/posts\/7236","targetHints":{"allow":["GET"]}}],"collection":[{"href":"https:\/\/tvc16.com\/portal\/wp-json\/wp\/v2\/posts"}],"about":[{"href":"https:\/\/tvc16.com\/portal\/wp-json\/wp\/v2\/types\/post"}],"author":[{"embeddable":true,"href":"https:\/\/tvc16.com\/portal\/wp-json\/wp\/v2\/users\/2"}],"replies":[{"embeddable":true,"href":"https:\/\/tvc16.com\/portal\/wp-json\/wp\/v2\/comments?post=7236"}],"version-history":[{"count":1,"href":"https:\/\/tvc16.com\/portal\/wp-json\/wp\/v2\/posts\/7236\/revisions"}],"predecessor-version":[{"id":7238,"href":"https:\/\/tvc16.com\/portal\/wp-json\/wp\/v2\/posts\/7236\/revisions\/7238"}],"wp:featuredmedia":[{"embeddable":true,"href":"https:\/\/tvc16.com\/portal\/wp-json\/wp\/v2\/media\/7237"}],"wp:attachment":[{"href":"https:\/\/tvc16.com\/portal\/wp-json\/wp\/v2\/media?parent=7236"}],"wp:term":[{"taxonomy":"category","embeddable":true,"href":"https:\/\/tvc16.com\/portal\/wp-json\/wp\/v2\/categories?post=7236"},{"taxonomy":"post_tag","embeddable":true,"href":"https:\/\/tvc16.com\/portal\/wp-json\/wp\/v2\/tags?post=7236"}],"curies":[{"name":"wp","href":"https:\/\/api.w.org\/{rel}","templated":true}]}}