{"id":7242,"date":"2020-12-02T12:24:11","date_gmt":"2020-12-02T15:24:11","guid":{"rendered":"https:\/\/tvc16.com\/portal\/?p=7242"},"modified":"2020-12-02T12:24:13","modified_gmt":"2020-12-02T15:24:13","slug":"policia-federal-apreende-cerca-de-25-toneladas-de-cocaina-no-rio","status":"publish","type":"post","link":"https:\/\/tvc16.com\/portal\/2020\/12\/02\/policia-federal-apreende-cerca-de-25-toneladas-de-cocaina-no-rio\/","title":{"rendered":"Pol\u00edcia Federal apreende cerca de 2,5 toneladas de coca\u00edna no Rio"},"content":{"rendered":"\n<h3 class=\"wp-block-heading\">Dois homens foram presos no munic\u00edpio de Duque de Caxias<\/h3>\n\n\n\n<h4 class=\"wp-block-heading\">Por Ag\u00eancia Brasil &#8211; Rio de Janeiro<\/h4>\n\n\n\n<p>Agentes da Pol\u00edcia Federal (PF) apreenderam cerca de 2,5 toneladas de coca\u00edna, no munic\u00edpio de Duque de Caxias, na Baixada Fluminense, na noite da \u00faltima ter\u00e7a-feira (1\u00ba). Esta \u00e9 a maior apreens\u00e3o j\u00e1 feita no estado do Rio de Janeiro. A droga estava guardada em um galp\u00e3o e sob a forma de cloridrato de coca\u00edna, que, segundo os agentes, \u00e9 a forma mais pura. Dois homens foram presos.<img decoding=\"async\" src=\"https:\/\/agenciabrasil.ebc.com.br\/ebc.png?id=1395224&amp;o=node\"><img decoding=\"async\" src=\"https:\/\/agenciabrasil.ebc.com.br\/ebc.gif?id=1395224&amp;o=node\"><\/p>\n\n\n\n<p>Um dos detidos \u00e9 um policial militar, de 41 anos, que estava de folga e fazia a seguran\u00e7a do galp\u00e3o. Com ele, foram apreendidos uma pistola, um rev\u00f3lver e um r\u00e1dio comunicador. O outro preso estava com a droga no interior do galp\u00e3o. A pena pode chegar a 15 anos de pris\u00e3o.<\/p>\n\n\n\n<p>A pesagem registrada foi de 2,466 toneladas da droga.<\/p>\n\n\n\n<p>Edi\u00e7\u00e3o: Val\u00e9ria Aguiar<\/p>\n","protected":false},"excerpt":{"rendered":"<p>Dois homens foram presos no munic\u00edpio de Duque de Caxias Por Ag\u00eancia Brasil &#8211; Rio<\/p>\n","protected":false},"author":2,"featured_media":7243,"comment_status":"open","ping_status":"open","sticky":false,"template":"","format":"standard","meta":{"footnotes":""},"categories":[17],"tags":[],"class_list":["post-7242","post","type-post","status-publish","format-standard","has-post-thumbnail","hentry","category-outras-noticias"],"_links":{"self":[{"href":"https:\/\/tvc16.com\/portal\/wp-json\/wp\/v2\/posts\/7242","targetHints":{"allow":["GET"]}}],"collection":[{"href":"https:\/\/tvc16.com\/portal\/wp-json\/wp\/v2\/posts"}],"about":[{"href":"https:\/\/tvc16.com\/portal\/wp-json\/wp\/v2\/types\/post"}],"author":[{"embeddable":true,"href":"https:\/\/tvc16.com\/portal\/wp-json\/wp\/v2\/users\/2"}],"replies":[{"embeddable":true,"href":"https:\/\/tvc16.com\/portal\/wp-json\/wp\/v2\/comments?post=7242"}],"version-history":[{"count":1,"href":"https:\/\/tvc16.com\/portal\/wp-json\/wp\/v2\/posts\/7242\/revisions"}],"predecessor-version":[{"id":7244,"href":"https:\/\/tvc16.com\/portal\/wp-json\/wp\/v2\/posts\/7242\/revisions\/7244"}],"wp:featuredmedia":[{"embeddable":true,"href":"https:\/\/tvc16.com\/portal\/wp-json\/wp\/v2\/media\/7243"}],"wp:attachment":[{"href":"https:\/\/tvc16.com\/portal\/wp-json\/wp\/v2\/media?parent=7242"}],"wp:term":[{"taxonomy":"category","embeddable":true,"href":"https:\/\/tvc16.com\/portal\/wp-json\/wp\/v2\/categories?post=7242"},{"taxonomy":"post_tag","embeddable":true,"href":"https:\/\/tvc16.com\/portal\/wp-json\/wp\/v2\/tags?post=7242"}],"curies":[{"name":"wp","href":"https:\/\/api.w.org\/{rel}","templated":true}]}}