{"id":7245,"date":"2020-12-02T12:25:47","date_gmt":"2020-12-02T15:25:47","guid":{"rendered":"https:\/\/tvc16.com\/portal\/?p=7245"},"modified":"2020-12-02T12:25:49","modified_gmt":"2020-12-02T15:25:49","slug":"governo-prorroga-uso-da-forca-nacional-no-presidio-federal-de-brasilia","status":"publish","type":"post","link":"https:\/\/tvc16.com\/portal\/2020\/12\/02\/governo-prorroga-uso-da-forca-nacional-no-presidio-federal-de-brasilia\/","title":{"rendered":"Governo prorroga uso da For\u00e7a Nacional no Pres\u00eddio Federal de Bras\u00edlia"},"content":{"rendered":"\n<h3 class=\"wp-block-heading\">Medida tem validade de 180 dias<\/h3>\n\n\n\n<h4 class=\"wp-block-heading\">Por Ag\u00eancia Brasil &#8211; Bras\u00edlia<\/h4>\n\n\n\n<p>Portaria publicada pelo Minist\u00e9rio da Justi\u00e7a no<em>&nbsp;Di\u00e1rio Oficial da Uni\u00e3o<\/em>&nbsp;de hoje (2) prorroga o emprego da For\u00e7a Nacional de Seguran\u00e7a P\u00fablica nas a\u00e7\u00f5es de policiamento de guarda e vigil\u00e2ncia na Penitenci\u00e1ria Federal de Bras\u00edlia, no Distrito Federal.<img decoding=\"async\" src=\"https:\/\/agenciabrasil.ebc.com.br\/ebc.png?id=1395220&amp;o=node\"><img decoding=\"async\" src=\"https:\/\/agenciabrasil.ebc.com.br\/ebc.gif?id=1395220&amp;o=node\"><\/p>\n\n\n\n<p>A prorroga\u00e7\u00e3o tem validade de 180 dias, a serem contados a partir de 4 de dezembro. A medida poder\u00e1 ser prorrogada, caso haja necessidade.<\/p>\n\n\n\n<p>A Portaria n\u00ba 645 prev\u00ea que o contingente a ser disponibilizado obedecer\u00e1 ao planejamento definido pelo pr\u00f3prio minist\u00e9rio.<\/p>\n\n\n\n<p>Edi\u00e7\u00e3o: Kleber Sampaio<\/p>\n","protected":false},"excerpt":{"rendered":"<p>Medida tem validade de 180 dias Por Ag\u00eancia Brasil &#8211; Bras\u00edlia Portaria publicada pelo Minist\u00e9rio<\/p>\n","protected":false},"author":2,"featured_media":7246,"comment_status":"open","ping_status":"open","sticky":false,"template":"","format":"standard","meta":{"footnotes":""},"categories":[17],"tags":[],"class_list":["post-7245","post","type-post","status-publish","format-standard","has-post-thumbnail","hentry","category-outras-noticias"],"_links":{"self":[{"href":"https:\/\/tvc16.com\/portal\/wp-json\/wp\/v2\/posts\/7245","targetHints":{"allow":["GET"]}}],"collection":[{"href":"https:\/\/tvc16.com\/portal\/wp-json\/wp\/v2\/posts"}],"about":[{"href":"https:\/\/tvc16.com\/portal\/wp-json\/wp\/v2\/types\/post"}],"author":[{"embeddable":true,"href":"https:\/\/tvc16.com\/portal\/wp-json\/wp\/v2\/users\/2"}],"replies":[{"embeddable":true,"href":"https:\/\/tvc16.com\/portal\/wp-json\/wp\/v2\/comments?post=7245"}],"version-history":[{"count":1,"href":"https:\/\/tvc16.com\/portal\/wp-json\/wp\/v2\/posts\/7245\/revisions"}],"predecessor-version":[{"id":7247,"href":"https:\/\/tvc16.com\/portal\/wp-json\/wp\/v2\/posts\/7245\/revisions\/7247"}],"wp:featuredmedia":[{"embeddable":true,"href":"https:\/\/tvc16.com\/portal\/wp-json\/wp\/v2\/media\/7246"}],"wp:attachment":[{"href":"https:\/\/tvc16.com\/portal\/wp-json\/wp\/v2\/media?parent=7245"}],"wp:term":[{"taxonomy":"category","embeddable":true,"href":"https:\/\/tvc16.com\/portal\/wp-json\/wp\/v2\/categories?post=7245"},{"taxonomy":"post_tag","embeddable":true,"href":"https:\/\/tvc16.com\/portal\/wp-json\/wp\/v2\/tags?post=7245"}],"curies":[{"name":"wp","href":"https:\/\/api.w.org\/{rel}","templated":true}]}}