{"id":72497,"date":"2023-11-24T06:00:00","date_gmt":"2023-11-24T09:00:00","guid":{"rendered":"https:\/\/tvc16.com\/portal\/?p=72497"},"modified":"2023-11-23T11:51:36","modified_gmt":"2023-11-23T14:51:36","slug":"vagas-temporarias-de-final-de-ano-tem-melhor-expectativa-em-10-anos-e-3-mil-postos-devem-ser-abertos-em-petropolis","status":"publish","type":"post","link":"https:\/\/tvc16.com\/portal\/2023\/11\/24\/vagas-temporarias-de-final-de-ano-tem-melhor-expectativa-em-10-anos-e-3-mil-postos-devem-ser-abertos-em-petropolis\/","title":{"rendered":"Vagas tempor\u00e1rias de final de ano tem melhor expectativa em 10 anos e 3 mil postos devem ser abertos em Petr\u00f3polis"},"content":{"rendered":"\n<p>As perspectivas para o mercado de empregos tempor\u00e1rios durante a \u00e9poca festiva do Natal em 2023 projetam aproximadamente 108,5 mil vagas abertas no pa\u00eds at\u00e9 dezembro de acordo com levantamento realizado em todas as regi\u00f5es pela Confedera\u00e7\u00e3o Nacional de Dirigentes Lojistas (CNDL) e pelo Servi\u00e7o de Prote\u00e7\u00e3o ao Cr\u00e9dito (SPC Brasil), em parceria com o Sebrae. Esse n\u00famero representa um crescimento de 5,6% em rela\u00e7\u00e3o ao ano passado, quando foram 97,9 mil contrata\u00e7\u00f5es. Se confirmada a expectativa, esse contingente de m\u00e3o de obra ser\u00e1 o maior desde 2013. Estas vagas levam em considera\u00e7\u00e3o o com\u00e9rcio varejista e o n\u00famero cresce ainda mais quando inclu\u00eddos outros segmentos como ind\u00fastria e servi\u00e7os, chegando a&nbsp;470 mil vagas&nbsp;segundo a&nbsp;Associa\u00e7\u00e3o Brasileira do Trabalho Tempor\u00e1rio (Asserttem). Em Petr\u00f3polis, especificamente para o com\u00e9rcio, s\u00e3o previstas cerca de 3 mil vagas.<\/p>\n\n\n\n<p>De acordo com a C\u00e2mara de Dirigentes Lojistas de Petr\u00f3polis, o bom momento come\u00e7ou a ser verificado em outubro e toma um impulso este m\u00eas com a Black Friday, com 56% dos consumidores assinalando que far\u00e3o suas compras em lojas f\u00edsicas e se consolida em dezembro, com vistas ao Natal.<\/p>\n\n\n\n<p>&#8220;Estamos otimistas quanto \u00e0 temporada de final de ano projetando um aumento nas vendas e, consequentemente, com os lojistas se preparado para atender a essa demanda, investindo em estoques variados, decora\u00e7\u00f5es atraentes, amplia\u00e7\u00e3o e treinamento de equipes&#8221;, analisa Cl\u00e1udio Mohammad, presidente da CDL-Petr\u00f3polis.<\/p>\n\n\n\n<p>O segmento de hiper e supermercados \u00e9 o que mais deve contratar tempor\u00e1rios, abrindo 45,47 mil&nbsp;vagas, seguido por vestu\u00e1rio e cal\u00e7ado, com 25,17 mil; utilidades dom\u00e9sticas e eletroeletr\u00f4nicos, com 15,98 mil; livrarias e papelarias, com 9,31 mil; e m\u00f3veis e eletrodom\u00e9sticos, com 5,7 mil vagas.<\/p>\n\n\n\n<p>Apesar de hiper e supermercados concentrarem a maior parte das vagas, \u00e9 o segmento de vestu\u00e1rio que mais \u00e9 beneficiado proporcionalmente pelo Natal. Enquanto o faturamento nos mercados cresce 34% entre novembro e dezembro, nas lojas de vestu\u00e1rio o salto \u00e9 de 90%, de acordo com dados da CNC.<\/p>\n\n\n\n<p><strong>Maior n\u00famero de vagas \u00e9 para vendedor<\/strong><\/p>\n\n\n\n<p>Lideram o ranking de contrata\u00e7\u00f5es as ocupa\u00e7\u00f5es de vendedor (42.102), caixa (9.429) e almoxarife e armazenista (9.278). O sal\u00e1rio m\u00e9dio de admiss\u00e3o dever\u00e1 alcan\u00e7ar R$ 1.605. Sem contar a infla\u00e7\u00e3o acumulada, esse valor fica 1% acima na compara\u00e7\u00e3o com o mesmo per\u00edodo do ano passado, quando a remunera\u00e7\u00e3o m\u00e9dia ficou em R$ 1.596.<\/p>\n\n\n\n<p>A expectativa da CNC \u00e9 que a taxa de efetiva\u00e7\u00e3o seja de 14,2%, acima de 2022, quando ficou em 12,3%, mas inferior a 2021 (14,9%) quando o com\u00e9rcio ainda estava repondo as vagas que haviam sido fechadas nas duas primeiras ondas da pandemia.\u201d<\/p>\n\n\n\n<p>\u201cAcreditamos que uma parcela significativa desses tempor\u00e1rios ter\u00e1 a oportunidade de transi\u00e7\u00e3o para posi\u00e7\u00f5es efetivas. Para os profissionais que buscam a efetiva\u00e7\u00e3o ap\u00f3s uma vaga tempor\u00e1ria em Petr\u00f3polis, destacamos a import\u00e2ncia do comprometimento, proatividade e excel\u00eancia no atendimento ao cliente. Mostrar dedica\u00e7\u00e3o \u00e0s responsabilidades atribu\u00eddas, demonstrar habilidades interpessoais e adaptabilidade s\u00e3o aspectos fundamentais. A capacidade de integra\u00e7\u00e3o com a equipe e a disposi\u00e7\u00e3o para aprender e crescer no ambiente de trabalho tamb\u00e9m s\u00e3o valorizadas\u201d, indica Cl\u00e1udio Mohammad.<\/p>\n","protected":false},"excerpt":{"rendered":"<p>As perspectivas para o mercado de empregos tempor\u00e1rios durante a \u00e9poca festiva do Natal em<\/p>\n","protected":false},"author":2,"featured_media":72498,"comment_status":"open","ping_status":"open","sticky":false,"template":"","format":"standard","meta":{"footnotes":""},"categories":[12],"tags":[],"class_list":["post-72497","post","type-post","status-publish","format-standard","has-post-thumbnail","hentry","category-cidade"],"_links":{"self":[{"href":"https:\/\/tvc16.com\/portal\/wp-json\/wp\/v2\/posts\/72497","targetHints":{"allow":["GET"]}}],"collection":[{"href":"https:\/\/tvc16.com\/portal\/wp-json\/wp\/v2\/posts"}],"about":[{"href":"https:\/\/tvc16.com\/portal\/wp-json\/wp\/v2\/types\/post"}],"author":[{"embeddable":true,"href":"https:\/\/tvc16.com\/portal\/wp-json\/wp\/v2\/users\/2"}],"replies":[{"embeddable":true,"href":"https:\/\/tvc16.com\/portal\/wp-json\/wp\/v2\/comments?post=72497"}],"version-history":[{"count":1,"href":"https:\/\/tvc16.com\/portal\/wp-json\/wp\/v2\/posts\/72497\/revisions"}],"predecessor-version":[{"id":72499,"href":"https:\/\/tvc16.com\/portal\/wp-json\/wp\/v2\/posts\/72497\/revisions\/72499"}],"wp:featuredmedia":[{"embeddable":true,"href":"https:\/\/tvc16.com\/portal\/wp-json\/wp\/v2\/media\/72498"}],"wp:attachment":[{"href":"https:\/\/tvc16.com\/portal\/wp-json\/wp\/v2\/media?parent=72497"}],"wp:term":[{"taxonomy":"category","embeddable":true,"href":"https:\/\/tvc16.com\/portal\/wp-json\/wp\/v2\/categories?post=72497"},{"taxonomy":"post_tag","embeddable":true,"href":"https:\/\/tvc16.com\/portal\/wp-json\/wp\/v2\/tags?post=72497"}],"curies":[{"name":"wp","href":"https:\/\/api.w.org\/{rel}","templated":true}]}}