{"id":72527,"date":"2023-11-24T06:00:00","date_gmt":"2023-11-24T09:00:00","guid":{"rendered":"https:\/\/tvc16.com\/portal\/?p=72527"},"modified":"2023-11-23T15:10:54","modified_gmt":"2023-11-23T18:10:54","slug":"copbea-realiza-mais-uma-edicao-da-feira-de-caes-nesta-sexta-e-no-sabado-na-praca-santa-teresa","status":"publish","type":"post","link":"https:\/\/tvc16.com\/portal\/2023\/11\/24\/copbea-realiza-mais-uma-edicao-da-feira-de-caes-nesta-sexta-e-no-sabado-na-praca-santa-teresa\/","title":{"rendered":"COPBEA realiza mais uma edi\u00e7\u00e3o da feira de c\u00e3es nesta sexta e no s\u00e1bado, na Pra\u00e7a Santa Teresa"},"content":{"rendered":"\n<p>A Coordenadoria de Prote\u00e7\u00e3o e Bem-estar Animal (COPBEA\/ZOONOSES), vinculada \u00e0 Secretaria Municipal de Sa\u00fade da Prefeitura de Teres\u00f3polis, realiza nesta sexta, 24, e no s\u00e1bado, 25, a Feira de Ado\u00e7\u00e3o \u2018Adote um Amor\u2019, das 9h \u00e0s 14h, na Pra\u00e7a Baltazar da Silveira (da Matriz de Santa Teresa), na V\u00e1rzea.<\/p>\n\n\n\n<p>Na ocasi\u00e3o, ser\u00e3o colocados para ado\u00e7\u00e3o respons\u00e1vel c\u00e3es adultos castrados e filhotes (com castra\u00e7\u00e3o futura garantida) que est\u00e3o sob a guarda da Prefeitura no Centro de Triagem Animal da Secretaria Municipal de Sa\u00fade\/ Setor de Controle de Zoonoses (COPBEA), no Fischer.<\/p>\n\n\n\n<p><strong>\u00a0PARA FORMALIZAR A ADO\u00c7\u00c3O, \u00c9 NECESS\u00c1RIO:<\/strong><\/p>\n\n\n\n<p>&#8211; Ser maior de 18 anos;<\/p>\n\n\n\n<p>&#8211; Apresentar original e c\u00f3pia do RG e Comprovante de Resid\u00eancia;<\/p>\n\n\n\n<p>&#8211; Responder question\u00e1rio e passar por uma entrevista com a equipe da COPBEA;<\/p>\n\n\n\n<p>&#8211; Assinar termo de posse respons\u00e1vel;<\/p>\n\n\n\n<p>&#8211; Levar caixa de transporte, coleira e guia adequados ao perfil do animal adotado.<\/p>\n","protected":false},"excerpt":{"rendered":"<p>A Coordenadoria de Prote\u00e7\u00e3o e Bem-estar Animal (COPBEA\/ZOONOSES), vinculada \u00e0 Secretaria Municipal de Sa\u00fade da<\/p>\n","protected":false},"author":2,"featured_media":72528,"comment_status":"open","ping_status":"open","sticky":false,"template":"","format":"standard","meta":{"footnotes":""},"categories":[17],"tags":[],"class_list":["post-72527","post","type-post","status-publish","format-standard","has-post-thumbnail","hentry","category-outras-noticias"],"_links":{"self":[{"href":"https:\/\/tvc16.com\/portal\/wp-json\/wp\/v2\/posts\/72527","targetHints":{"allow":["GET"]}}],"collection":[{"href":"https:\/\/tvc16.com\/portal\/wp-json\/wp\/v2\/posts"}],"about":[{"href":"https:\/\/tvc16.com\/portal\/wp-json\/wp\/v2\/types\/post"}],"author":[{"embeddable":true,"href":"https:\/\/tvc16.com\/portal\/wp-json\/wp\/v2\/users\/2"}],"replies":[{"embeddable":true,"href":"https:\/\/tvc16.com\/portal\/wp-json\/wp\/v2\/comments?post=72527"}],"version-history":[{"count":1,"href":"https:\/\/tvc16.com\/portal\/wp-json\/wp\/v2\/posts\/72527\/revisions"}],"predecessor-version":[{"id":72529,"href":"https:\/\/tvc16.com\/portal\/wp-json\/wp\/v2\/posts\/72527\/revisions\/72529"}],"wp:featuredmedia":[{"embeddable":true,"href":"https:\/\/tvc16.com\/portal\/wp-json\/wp\/v2\/media\/72528"}],"wp:attachment":[{"href":"https:\/\/tvc16.com\/portal\/wp-json\/wp\/v2\/media?parent=72527"}],"wp:term":[{"taxonomy":"category","embeddable":true,"href":"https:\/\/tvc16.com\/portal\/wp-json\/wp\/v2\/categories?post=72527"},{"taxonomy":"post_tag","embeddable":true,"href":"https:\/\/tvc16.com\/portal\/wp-json\/wp\/v2\/tags?post=72527"}],"curies":[{"name":"wp","href":"https:\/\/api.w.org\/{rel}","templated":true}]}}