{"id":7254,"date":"2020-12-02T12:30:59","date_gmt":"2020-12-02T15:30:59","guid":{"rendered":"https:\/\/tvc16.com\/portal\/?p=7254"},"modified":"2020-12-02T12:31:02","modified_gmt":"2020-12-02T15:31:02","slug":"mp-prorroga-plano-nacional-de-cultura-por-dois-anos","status":"publish","type":"post","link":"https:\/\/tvc16.com\/portal\/2020\/12\/02\/mp-prorroga-plano-nacional-de-cultura-por-dois-anos\/","title":{"rendered":"MP prorroga Plano Nacional de Cultura por dois anos"},"content":{"rendered":"\n<h3 class=\"wp-block-heading\">Medida foi editada pelo presidente Jair Bolsonaro<\/h3>\n\n\n\n<h4 class=\"wp-block-heading\">Por Ag\u00eancia Brasil &#8211; Bras\u00edlia<\/h4>\n\n\n\n<p>A vig\u00eancia do Plano Nacional de Cultura (PNC), que teria dura\u00e7\u00e3o at\u00e9 dezembro deste ano, foi prorrogada por mais dois anos. \u00c9 o que consta em uma Medida Provis\u00f3ria assinada pelo presidente Jair Bolsonaro e publicada em edi\u00e7\u00e3o extra do&nbsp;<em>Di\u00e1rio Oficial da Uni\u00e3o<\/em>&nbsp;nesta ter\u00e7a-feira (1\u00ba).&nbsp;<img decoding=\"async\" src=\"https:\/\/agenciabrasil.ebc.com.br\/ebc.png?id=1395193&amp;o=node\"><img decoding=\"async\" src=\"https:\/\/agenciabrasil.ebc.com.br\/ebc.gif?id=1395193&amp;o=node\"><\/p>\n\n\n\n<p>&#8220;Diante desse cen\u00e1rio, caso n\u00e3o haja lei vigente ap\u00f3s dezembro de 2020, o Sistema Nacional de Cultura perder\u00e1 sua principal norma balizadora, o que poder\u00e1 prejudicar a gest\u00e3o da cultura brasileira em todo territ\u00f3rio nacional&#8221;, informou, em nota, a Secretaria Geral da Presid\u00eancia.<\/p>\n\n\n\n<p>O PNC foi constru\u00eddo a partir da realiza\u00e7\u00e3o de f\u00f3runs, semin\u00e1rios, consultas p\u00fablicas e confer\u00eancias de cultura, iniciados em 2003, e posteriormente foi avaliado pelo Conselho Nacional de Pol\u00edtica Cultural (CNPC)&nbsp;antes de ser transformado em lei em 2010.<\/p>\n\n\n\n<p>Segundo a Secretaria Especial da Cultura, \u00f3rg\u00e3o vinculado ao Minist\u00e9rio do Turismo, o Plano \u00e9 um conjunto de princ\u00edpios, objetivos, diretrizes, estrat\u00e9gias e metas que devem orientar o poder p\u00fablico na formula\u00e7\u00e3o de pol\u00edticas culturais. Com a prorroga\u00e7\u00e3o, o PNC vale at\u00e9 dezembro de 2022.<\/p>\n\n\n\n<p>Edi\u00e7\u00e3o: Pedro Ivo de Oliveira<\/p>\n","protected":false},"excerpt":{"rendered":"<p>Medida foi editada pelo presidente Jair Bolsonaro Por Ag\u00eancia Brasil &#8211; Bras\u00edlia A vig\u00eancia do<\/p>\n","protected":false},"author":2,"featured_media":7255,"comment_status":"open","ping_status":"open","sticky":false,"template":"","format":"standard","meta":{"footnotes":""},"categories":[14],"tags":[],"class_list":["post-7254","post","type-post","status-publish","format-standard","has-post-thumbnail","hentry","category-pais"],"_links":{"self":[{"href":"https:\/\/tvc16.com\/portal\/wp-json\/wp\/v2\/posts\/7254","targetHints":{"allow":["GET"]}}],"collection":[{"href":"https:\/\/tvc16.com\/portal\/wp-json\/wp\/v2\/posts"}],"about":[{"href":"https:\/\/tvc16.com\/portal\/wp-json\/wp\/v2\/types\/post"}],"author":[{"embeddable":true,"href":"https:\/\/tvc16.com\/portal\/wp-json\/wp\/v2\/users\/2"}],"replies":[{"embeddable":true,"href":"https:\/\/tvc16.com\/portal\/wp-json\/wp\/v2\/comments?post=7254"}],"version-history":[{"count":1,"href":"https:\/\/tvc16.com\/portal\/wp-json\/wp\/v2\/posts\/7254\/revisions"}],"predecessor-version":[{"id":7256,"href":"https:\/\/tvc16.com\/portal\/wp-json\/wp\/v2\/posts\/7254\/revisions\/7256"}],"wp:featuredmedia":[{"embeddable":true,"href":"https:\/\/tvc16.com\/portal\/wp-json\/wp\/v2\/media\/7255"}],"wp:attachment":[{"href":"https:\/\/tvc16.com\/portal\/wp-json\/wp\/v2\/media?parent=7254"}],"wp:term":[{"taxonomy":"category","embeddable":true,"href":"https:\/\/tvc16.com\/portal\/wp-json\/wp\/v2\/categories?post=7254"},{"taxonomy":"post_tag","embeddable":true,"href":"https:\/\/tvc16.com\/portal\/wp-json\/wp\/v2\/tags?post=7254"}],"curies":[{"name":"wp","href":"https:\/\/api.w.org\/{rel}","templated":true}]}}