{"id":72579,"date":"2023-11-24T07:00:00","date_gmt":"2023-11-24T10:00:00","guid":{"rendered":"https:\/\/tvc16.com\/portal\/?p=72579"},"modified":"2023-11-23T14:51:36","modified_gmt":"2023-11-23T17:51:36","slug":"petropolis-gourmet-entra-na-reta-final-ate-domingo-pratos-especiais-podem-ser-degustados-em-45-estabelecimentos-participantes","status":"publish","type":"post","link":"https:\/\/tvc16.com\/portal\/2023\/11\/24\/petropolis-gourmet-entra-na-reta-final-ate-domingo-pratos-especiais-podem-ser-degustados-em-45-estabelecimentos-participantes\/","title":{"rendered":"Petr\u00f3polis Gourmet entra na reta final: at\u00e9 domingo pratos especiais podem ser degustados em 45 estabelecimentos participantes"},"content":{"rendered":"\n<p>Quando domingo chegar, s\u00f3 v\u00e3o restar saudades e mem\u00f3rias afetivas daquele que foi uma das melhores edi\u00e7\u00f5es em 23 anos do Petr\u00f3polis Gourmet. O festival chega \u00e0 reta final, mas ainda h\u00e1 tempo de aproveitar os sabores especiais carregados de simbologia afetiva que os 45 estabelecimentos participantes prepararam para a edi\u00e7\u00e3o de 2023.&nbsp;&nbsp;O Petr\u00f3polis Convention &amp; Visitors Bureau comemora o sucesso do festival deste ano, repleto de a\u00e7\u00f5es como oficinas e agitos gastron\u00f4micos e j\u00e1 planeja a edi\u00e7\u00e3o de 2024 pensando em mais novidades e atra\u00e7\u00f5es \u00e0 agregar no quinto maior festival do g\u00eanero no pa\u00eds. A programa\u00e7\u00e3o completa do festival que segue at\u00e9 domingo (26) e todos os estabelecimentos participantes podem ser conferidos em&nbsp;<a href=\"http:\/\/www.petropolisgourmet.com.br\/\" rel=\"noreferrer noopener\" target=\"_blank\">www.petropolisgourmet.com.br<\/a>.<\/p>\n\n\n\n<p>Uma das \u00faltimas a\u00e7\u00f5es interagindo com o p\u00fablico \u00e9 neste s\u00e1bado (25), \u00e0s 16h, quando a&nbsp;&nbsp;crian\u00e7ada poder\u00e1 participar da &#8220;Oficina Infantil &#8211; Biscoito Natalino&#8221;, com a renomada Chef Alice Cox, no Hipershopping Petr\u00f3polis. Por\u00e9m, a agenda do Petr\u00f3polis Gourmet ao longo de 16 dias foi intensa, diversificada e prazerosa.<\/p>\n\n\n\n<p>\u201cEncerramos o Petr\u00f3polis Gourmet no pr\u00f3ximo domingo com o festival mais do que consolidado como uma celebra\u00e7\u00e3o gastron\u00f4mica repleta de sabores, aprendizado e solidariedade. Temos orgulho de todas as atra\u00e7\u00f5es proporcionadas ao p\u00fablico e ainda a integra\u00e7\u00e3o dos nossos talentosos chefs que disputaram um concorrido desafio&nbsp;&nbsp;Al\u00e9m disso, ainda recebemos o curador deste ano, chef de renome internacional, M\u00e1rcio Ricci, que fez toda a diferen\u00e7a com sua expertise e simpatia contagiante. Foram muitos bons momentos e o festival vai deixar saudades cumprindo a premissa do seu tema, deixando a todos que dele participaram uma mem\u00f3ria afetiva bem marcada\u201d, afirma Samir el Ghaoui, presidente do Petr\u00f3polis Convention.&nbsp;&nbsp;<\/p>\n\n\n\n<p><strong>Pratos revelam as mem\u00f3rias afetivas nas receitas de fam\u00edlia<\/strong><\/p>\n\n\n\n<p>Os pratos s\u00e3o a sensa\u00e7\u00e3o nesta edi\u00e7\u00e3o e n\u00e3o faltam criatividade e recorda\u00e7\u00f5es. \u00c9 o caso do Apolo XI que foi criado pelo chef Mineiro, da&nbsp;&nbsp;Adega do Mineiro, nos anos 60 na \u00e9poca que homem pisou a primeira vez na Lua. Na \u00e9poca, fez tanto sucesso que ficou na mem\u00f3ria deles e dos clientes e este ano ele trouxe uma releitura do prato junto com seu neto, o chef Fialho. S\u00e3o tr\u00eas bifes altos e suculentos de fil\u00e9 mignon recheados com queijo brie e palmito, lembrando uma imagem de foguete.&nbsp;&nbsp;Com as famosas batatas do Mineiro e o tradicional arroz piamontese.<\/p>\n\n\n\n<p>J\u00e1 a Katz Chocolates brinda o p\u00fablico com um doce que foi preparado por mais de 40 anos: a torta de ricota com passas,&nbsp;&nbsp;um prato que carrega um profundo significado afetivo para os clientes tradicional loja. \u201cMuitos deles a associam \u00e0s lembran\u00e7as da inf\u00e2ncia, frequentando o estabelecimento com seus av\u00f3s e pais. O pedido constante para que a confec\u00e7\u00e3o desse prato fosse retomada demonstra a conex\u00e3o emocional que ele evoca\u201d, conta Luciana Montesso, gerente da rede Katz. E a torta voltou ao menu de forma especial neste Petr\u00f3polis Gourmet.<\/p>\n\n\n\n<p>Tamb\u00e9m vem cheio de amor e recorda\u00e7\u00f5es com aquele toque de \u2018cozinha de v\u00f3\u2019, o pernil assado com nhoque ao molho de queijos do Restaurante Princesa Isabel Gourmet, uma celebra\u00e7\u00e3o das mem\u00f3rias de inf\u00e2ncia e dos momentos especiais em fam\u00edlia. O chef Alceu Santos deu um toque especial nesta receita de fam\u00edlia preparada nos dias de festa e aos domingos que enchia a casa e aquecia os cora\u00e7\u00f5es. \u201c\u00c9 como um abra\u00e7o de fam\u00edlia em cada mordida\u201d, define.<\/p>\n\n\n\n<p>Todos os pratos e a afetividade contida neles, assim como dados sobre os restaurantes, podem ser conferidos em&nbsp;<a href=\"http:\/\/www.petropolisgourmet.com.br\/\" rel=\"noreferrer noopener\" target=\"_blank\">www.petropolisgourmet.com.br<\/a>.<\/p>\n\n\n\n<p><strong>A\u00e7\u00e3o social e integra\u00e7\u00e3o com o p\u00fablico<\/strong><\/p>\n\n\n\n<p>Al\u00e9m de ir \u00e0s ruas com oficinas e agitos gastron\u00f4micos em pra\u00e7as e espa\u00e7os de parceiros, o compromisso social, que est\u00e1 no cora\u00e7\u00e3o do Petr\u00f3polis Gourmet, tamb\u00e9m foi vibrante. Na \u00faltima semana, a venda simb\u00f3lica a R$ 5 de um prato feito por 20 chefs simultaneamente na Pra\u00e7a Dom Pedro, no Chefs na Pra\u00e7a, teve renda revertendo para Associa\u00e7\u00e3o Filantr\u00f3pica de Petr\u00f3polis (Afipe), Grupo de Comunica\u00e7\u00e3o Esp\u00edrita (GCE) e Lar Dom Ign\u00e1cio de Loyola.<\/p>\n\n\n\n<p>Nesta quarta-feira (22) \u00e0 tarde,&nbsp;&nbsp;o projeto &#8220;Uma Leve Pitada de Amor&#8221; levou os Chef M\u00e1rcio Ricci e Denisson Toledo \u00e0 Oficina Irm\u00e3 Rosa, ao Independ\u00eancia. Os alunos do espa\u00e7o&nbsp;colocaram a m\u00e3o na massa e prepararam um \u201cAtum \u00e0 Br\u00e1s\u201d terminando com degusta\u00e7\u00e3o do prato.<\/p>\n\n\n\n<p>E na quinta (23), foi a vez da&nbsp;&nbsp;COMAC que recebeu os Chefs Marcio Ricci, Alice Cox e Marjorie Cox, para uma &#8220;Conversa e Oficina de Compostagem&#8221;. O papo abrangeu desde as crian\u00e7as a partir de sete anos at\u00e9 os idosos com mais de 80 anos que participaram da atividade e ainda ajudaram na elabora\u00e7\u00e3o de duas receitas:&nbsp;&nbsp;\u201cFrango \u00e0 Braz\u201d e \u201cLegumes \u00e0 Braz\u201d, al\u00e9m de ouvirem muitas dicas sobre seguran\u00e7a alimentar e nutricional e aproveitamento total dos alimentos.<\/p>\n\n\n\n<figure class=\"wp-block-gallery has-nested-images columns-default is-cropped wp-block-gallery-1 is-layout-flex wp-block-gallery-is-layout-flex\">\n<figure class=\"wp-block-image size-large\"><img loading=\"lazy\" decoding=\"async\" width=\"768\" height=\"1024\" data-id=\"72581\" src=\"https:\/\/tvc16.com\/portal\/wp-content\/uploads\/2023\/11\/Adega-do-Mineiro-Chef-MIneiro-768x1024.jpg\" alt=\"\" class=\"wp-image-72581\" srcset=\"https:\/\/tvc16.com\/portal\/wp-content\/uploads\/2023\/11\/Adega-do-Mineiro-Chef-MIneiro-768x1024.jpg 768w, https:\/\/tvc16.com\/portal\/wp-content\/uploads\/2023\/11\/Adega-do-Mineiro-Chef-MIneiro-225x300.jpg 225w, https:\/\/tvc16.com\/portal\/wp-content\/uploads\/2023\/11\/Adega-do-Mineiro-Chef-MIneiro.jpg 960w\" sizes=\"auto, (max-width: 768px) 100vw, 768px\" \/><\/figure>\n\n\n\n<figure class=\"wp-block-image size-large\"><img loading=\"lazy\" decoding=\"async\" width=\"1008\" height=\"756\" data-id=\"72583\" src=\"https:\/\/tvc16.com\/portal\/wp-content\/uploads\/2023\/11\/Comac-22.jpg\" alt=\"\" class=\"wp-image-72583\" srcset=\"https:\/\/tvc16.com\/portal\/wp-content\/uploads\/2023\/11\/Comac-22.jpg 1008w, https:\/\/tvc16.com\/portal\/wp-content\/uploads\/2023\/11\/Comac-22-300x225.jpg 300w, https:\/\/tvc16.com\/portal\/wp-content\/uploads\/2023\/11\/Comac-22-768x576.jpg 768w, https:\/\/tvc16.com\/portal\/wp-content\/uploads\/2023\/11\/Comac-22-200x150.jpg 200w\" sizes=\"auto, (max-width: 1008px) 100vw, 1008px\" \/><\/figure>\n\n\n\n<figure class=\"wp-block-image size-large\"><img loading=\"lazy\" decoding=\"async\" width=\"1008\" height=\"756\" data-id=\"72590\" src=\"https:\/\/tvc16.com\/portal\/wp-content\/uploads\/2023\/11\/Comac-33.jpg\" alt=\"\" class=\"wp-image-72590\" srcset=\"https:\/\/tvc16.com\/portal\/wp-content\/uploads\/2023\/11\/Comac-33.jpg 1008w, https:\/\/tvc16.com\/portal\/wp-content\/uploads\/2023\/11\/Comac-33-300x225.jpg 300w, https:\/\/tvc16.com\/portal\/wp-content\/uploads\/2023\/11\/Comac-33-768x576.jpg 768w, https:\/\/tvc16.com\/portal\/wp-content\/uploads\/2023\/11\/Comac-33-200x150.jpg 200w\" sizes=\"auto, (max-width: 1008px) 100vw, 1008px\" \/><\/figure>\n\n\n\n<figure class=\"wp-block-image size-large\"><img loading=\"lazy\" decoding=\"async\" width=\"1008\" height=\"756\" data-id=\"72588\" src=\"https:\/\/tvc16.com\/portal\/wp-content\/uploads\/2023\/11\/Comac-39.jpg\" alt=\"\" class=\"wp-image-72588\" srcset=\"https:\/\/tvc16.com\/portal\/wp-content\/uploads\/2023\/11\/Comac-39.jpg 1008w, https:\/\/tvc16.com\/portal\/wp-content\/uploads\/2023\/11\/Comac-39-300x225.jpg 300w, https:\/\/tvc16.com\/portal\/wp-content\/uploads\/2023\/11\/Comac-39-768x576.jpg 768w, https:\/\/tvc16.com\/portal\/wp-content\/uploads\/2023\/11\/Comac-39-200x150.jpg 200w\" sizes=\"auto, (max-width: 1008px) 100vw, 1008px\" \/><\/figure>\n\n\n\n<figure class=\"wp-block-image size-large\"><img loading=\"lazy\" decoding=\"async\" width=\"1024\" height=\"682\" data-id=\"72580\" src=\"https:\/\/tvc16.com\/portal\/wp-content\/uploads\/2023\/11\/Katz-Chocolates-1-1024x682.jpg\" alt=\"\" class=\"wp-image-72580\" srcset=\"https:\/\/tvc16.com\/portal\/wp-content\/uploads\/2023\/11\/Katz-Chocolates-1-1024x682.jpg 1024w, https:\/\/tvc16.com\/portal\/wp-content\/uploads\/2023\/11\/Katz-Chocolates-1-300x200.jpg 300w, https:\/\/tvc16.com\/portal\/wp-content\/uploads\/2023\/11\/Katz-Chocolates-1-768x512.jpg 768w, https:\/\/tvc16.com\/portal\/wp-content\/uploads\/2023\/11\/Katz-Chocolates-1-900x600.jpg 900w, https:\/\/tvc16.com\/portal\/wp-content\/uploads\/2023\/11\/Katz-Chocolates-1.jpg 1280w\" sizes=\"auto, (max-width: 1024px) 100vw, 1024px\" \/><\/figure>\n\n\n\n<figure class=\"wp-block-image size-large\"><img loading=\"lazy\" decoding=\"async\" width=\"684\" height=\"1024\" data-id=\"72585\" src=\"https:\/\/tvc16.com\/portal\/wp-content\/uploads\/2023\/11\/Katz-Chocolates-3-684x1024.jpg\" alt=\"\" class=\"wp-image-72585\" srcset=\"https:\/\/tvc16.com\/portal\/wp-content\/uploads\/2023\/11\/Katz-Chocolates-3-684x1024.jpg 684w, https:\/\/tvc16.com\/portal\/wp-content\/uploads\/2023\/11\/Katz-Chocolates-3-200x300.jpg 200w, https:\/\/tvc16.com\/portal\/wp-content\/uploads\/2023\/11\/Katz-Chocolates-3-768x1150.jpg 768w, https:\/\/tvc16.com\/portal\/wp-content\/uploads\/2023\/11\/Katz-Chocolates-3.jpg 855w\" sizes=\"auto, (max-width: 684px) 100vw, 684px\" \/><\/figure>\n\n\n\n<figure class=\"wp-block-image size-large\"><img loading=\"lazy\" decoding=\"async\" width=\"768\" height=\"1024\" data-id=\"72582\" src=\"https:\/\/tvc16.com\/portal\/wp-content\/uploads\/2023\/11\/Katz-Luciana-Montesso-gente-da-rede-e-chef-Rafael-Vicente-768x1024.jpg\" alt=\"\" class=\"wp-image-72582\" srcset=\"https:\/\/tvc16.com\/portal\/wp-content\/uploads\/2023\/11\/Katz-Luciana-Montesso-gente-da-rede-e-chef-Rafael-Vicente-768x1024.jpg 768w, https:\/\/tvc16.com\/portal\/wp-content\/uploads\/2023\/11\/Katz-Luciana-Montesso-gente-da-rede-e-chef-Rafael-Vicente-225x300.jpg 225w, https:\/\/tvc16.com\/portal\/wp-content\/uploads\/2023\/11\/Katz-Luciana-Montesso-gente-da-rede-e-chef-Rafael-Vicente.jpg 960w\" sizes=\"auto, (max-width: 768px) 100vw, 768px\" \/><\/figure>\n\n\n\n<figure class=\"wp-block-image size-large\"><img loading=\"lazy\" decoding=\"async\" width=\"1024\" height=\"768\" data-id=\"72589\" src=\"https:\/\/tvc16.com\/portal\/wp-content\/uploads\/2023\/11\/Oficina-Irma-Rosa-1-1024x768.jpg\" alt=\"\" class=\"wp-image-72589\" srcset=\"https:\/\/tvc16.com\/portal\/wp-content\/uploads\/2023\/11\/Oficina-Irma-Rosa-1-1024x768.jpg 1024w, https:\/\/tvc16.com\/portal\/wp-content\/uploads\/2023\/11\/Oficina-Irma-Rosa-1-300x225.jpg 300w, https:\/\/tvc16.com\/portal\/wp-content\/uploads\/2023\/11\/Oficina-Irma-Rosa-1-768x576.jpg 768w, https:\/\/tvc16.com\/portal\/wp-content\/uploads\/2023\/11\/Oficina-Irma-Rosa-1-200x150.jpg 200w, https:\/\/tvc16.com\/portal\/wp-content\/uploads\/2023\/11\/Oficina-Irma-Rosa-1.jpg 1170w\" sizes=\"auto, (max-width: 1024px) 100vw, 1024px\" \/><\/figure>\n\n\n\n<figure class=\"wp-block-image size-large\"><img loading=\"lazy\" decoding=\"async\" width=\"768\" height=\"1024\" data-id=\"72586\" src=\"https:\/\/tvc16.com\/portal\/wp-content\/uploads\/2023\/11\/Princesa-Isabel-Gourmet-Chef-Alceu-Santos-768x1024.jpg\" alt=\"\" class=\"wp-image-72586\" srcset=\"https:\/\/tvc16.com\/portal\/wp-content\/uploads\/2023\/11\/Princesa-Isabel-Gourmet-Chef-Alceu-Santos-768x1024.jpg 768w, https:\/\/tvc16.com\/portal\/wp-content\/uploads\/2023\/11\/Princesa-Isabel-Gourmet-Chef-Alceu-Santos-225x300.jpg 225w, https:\/\/tvc16.com\/portal\/wp-content\/uploads\/2023\/11\/Princesa-Isabel-Gourmet-Chef-Alceu-Santos.jpg 960w\" sizes=\"auto, (max-width: 768px) 100vw, 768px\" \/><\/figure>\n\n\n\n<figure class=\"wp-block-image size-large\"><img loading=\"lazy\" decoding=\"async\" width=\"1024\" height=\"768\" data-id=\"72587\" src=\"https:\/\/tvc16.com\/portal\/wp-content\/uploads\/2023\/11\/Princesa-Isabel-Gourmet-3-1024x768.jpg\" alt=\"\" class=\"wp-image-72587\" srcset=\"https:\/\/tvc16.com\/portal\/wp-content\/uploads\/2023\/11\/Princesa-Isabel-Gourmet-3-1024x768.jpg 1024w, https:\/\/tvc16.com\/portal\/wp-content\/uploads\/2023\/11\/Princesa-Isabel-Gourmet-3-300x225.jpg 300w, https:\/\/tvc16.com\/portal\/wp-content\/uploads\/2023\/11\/Princesa-Isabel-Gourmet-3-768x576.jpg 768w, https:\/\/tvc16.com\/portal\/wp-content\/uploads\/2023\/11\/Princesa-Isabel-Gourmet-3-200x150.jpg 200w, https:\/\/tvc16.com\/portal\/wp-content\/uploads\/2023\/11\/Princesa-Isabel-Gourmet-3.jpg 1280w\" sizes=\"auto, (max-width: 1024px) 100vw, 1024px\" \/><\/figure>\n\n\n\n<figure class=\"wp-block-image size-large\"><img loading=\"lazy\" decoding=\"async\" width=\"693\" height=\"1024\" data-id=\"72584\" src=\"https:\/\/tvc16.com\/portal\/wp-content\/uploads\/2023\/11\/Princesa-Isabel-Gourmet-4-693x1024.jpg\" alt=\"\" class=\"wp-image-72584\" srcset=\"https:\/\/tvc16.com\/portal\/wp-content\/uploads\/2023\/11\/Princesa-Isabel-Gourmet-4-693x1024.jpg 693w, https:\/\/tvc16.com\/portal\/wp-content\/uploads\/2023\/11\/Princesa-Isabel-Gourmet-4-203x300.jpg 203w, https:\/\/tvc16.com\/portal\/wp-content\/uploads\/2023\/11\/Princesa-Isabel-Gourmet-4-768x1135.jpg 768w, https:\/\/tvc16.com\/portal\/wp-content\/uploads\/2023\/11\/Princesa-Isabel-Gourmet-4.jpg 866w\" sizes=\"auto, (max-width: 693px) 100vw, 693px\" \/><\/figure>\n\n\n\n<figure class=\"wp-block-image size-large\"><img loading=\"lazy\" decoding=\"async\" width=\"768\" height=\"1024\" data-id=\"72591\" src=\"https:\/\/tvc16.com\/portal\/wp-content\/uploads\/2023\/11\/Princesa-Isabel-Gourmet-6-768x1024.jpg\" alt=\"\" class=\"wp-image-72591\" srcset=\"https:\/\/tvc16.com\/portal\/wp-content\/uploads\/2023\/11\/Princesa-Isabel-Gourmet-6-768x1024.jpg 768w, https:\/\/tvc16.com\/portal\/wp-content\/uploads\/2023\/11\/Princesa-Isabel-Gourmet-6-225x300.jpg 225w, https:\/\/tvc16.com\/portal\/wp-content\/uploads\/2023\/11\/Princesa-Isabel-Gourmet-6.jpg 960w\" sizes=\"auto, (max-width: 768px) 100vw, 768px\" \/><\/figure>\n<\/figure>\n","protected":false},"excerpt":{"rendered":"<p>Quando domingo chegar, s\u00f3 v\u00e3o restar saudades e mem\u00f3rias afetivas daquele que foi uma das<\/p>\n","protected":false},"author":2,"featured_media":72587,"comment_status":"open","ping_status":"open","sticky":false,"template":"","format":"standard","meta":{"footnotes":""},"categories":[12],"tags":[],"class_list":["post-72579","post","type-post","status-publish","format-standard","has-post-thumbnail","hentry","category-cidade"],"_links":{"self":[{"href":"https:\/\/tvc16.com\/portal\/wp-json\/wp\/v2\/posts\/72579","targetHints":{"allow":["GET"]}}],"collection":[{"href":"https:\/\/tvc16.com\/portal\/wp-json\/wp\/v2\/posts"}],"about":[{"href":"https:\/\/tvc16.com\/portal\/wp-json\/wp\/v2\/types\/post"}],"author":[{"embeddable":true,"href":"https:\/\/tvc16.com\/portal\/wp-json\/wp\/v2\/users\/2"}],"replies":[{"embeddable":true,"href":"https:\/\/tvc16.com\/portal\/wp-json\/wp\/v2\/comments?post=72579"}],"version-history":[{"count":1,"href":"https:\/\/tvc16.com\/portal\/wp-json\/wp\/v2\/posts\/72579\/revisions"}],"predecessor-version":[{"id":72592,"href":"https:\/\/tvc16.com\/portal\/wp-json\/wp\/v2\/posts\/72579\/revisions\/72592"}],"wp:featuredmedia":[{"embeddable":true,"href":"https:\/\/tvc16.com\/portal\/wp-json\/wp\/v2\/media\/72587"}],"wp:attachment":[{"href":"https:\/\/tvc16.com\/portal\/wp-json\/wp\/v2\/media?parent=72579"}],"wp:term":[{"taxonomy":"category","embeddable":true,"href":"https:\/\/tvc16.com\/portal\/wp-json\/wp\/v2\/categories?post=72579"},{"taxonomy":"post_tag","embeddable":true,"href":"https:\/\/tvc16.com\/portal\/wp-json\/wp\/v2\/tags?post=72579"}],"curies":[{"name":"wp","href":"https:\/\/api.w.org\/{rel}","templated":true}]}}