{"id":72593,"date":"2023-11-23T14:58:19","date_gmt":"2023-11-23T17:58:19","guid":{"rendered":"https:\/\/tvc16.com\/portal\/?p=72593"},"modified":"2023-11-23T14:58:21","modified_gmt":"2023-11-23T17:58:21","slug":"bazar-da-appo-edicao-de-final-de-ano-sera-na-igreja-nossa-senhora-do-rosario","status":"publish","type":"post","link":"https:\/\/tvc16.com\/portal\/2023\/11\/23\/bazar-da-appo-edicao-de-final-de-ano-sera-na-igreja-nossa-senhora-do-rosario\/","title":{"rendered":"Bazar da APPO, edi\u00e7\u00e3o de final de ano, ser\u00e1 na Igreja Nossa Senhora do Ros\u00e1rio"},"content":{"rendered":"\n<p>De segunda-feira, 27 de novembro, at\u00e9 sexta-feira, 01 de dezembro, segue a edi\u00e7\u00e3o do Bazar da APPO na Igreja Nossa Senhora do Ros\u00e1rio, na Pra\u00e7a da Inconfid\u00eancia. Al\u00e9m de levar o Bazar para um lugar de f\u00e1cil acesso, que \u00e9 o Centro da Cidade, ao lado da Rodovi\u00e1ria, o hor\u00e1rio tamb\u00e9m ser\u00e1 estendido, das 9h \u00e0s 18h. O que possibilita que mais pessoas possam ir at\u00e9 o local, garimpar pecinhas especiais.<\/p>\n\n\n\n<p>\u201cTodos os anos promovemos o Bazar da APPO de fim de ano na Igreja do Ros\u00e1rio. Esta di\u00e7\u00e3o j\u00e1 vem em clima de Natal. A ideia \u00e9 aproximar cada vez mais a institui\u00e7\u00e3o da popula\u00e7\u00e3o, por meio do Bazar e das outras a\u00e7\u00f5es promovidas pela APPO\u201d, destacou a presidente volunt\u00e1ria, Ana Cristina Mattos.<\/p>\n\n\n\n<p>Nesta edi\u00e7\u00e3o, o Bazar da APPO vai disponibilizar ainda pe\u00e7as primavera\/ ver\u00e3o, como bermudas, camisetas, vestidos, shorts, dentre outras. Tamb\u00e9m \u00e9 poss\u00edvel encontrar brinquedos, acess\u00f3rios, utilidades para o lar, objetos de decora\u00e7\u00e3o e muito mais. Tudo a pre\u00e7os simb\u00f3licos, acess\u00edveis a todos.<\/p>\n\n\n\n<p>\u201cPara n\u00f3s \u00e9 de extrema import\u00e2ncia levar o Bazar para a Igreja do Ros\u00e1rio, um local com grande fluxo de pessoas. Nos ajuda a cumprir a fun\u00e7\u00e3o social do Bazar, de dar oportunidade de escolha e compra para todos. Esta edi\u00e7\u00e3o tamb\u00e9m vai ser importante para a nossa prepara\u00e7\u00e3o para o Natal dos pacientes\u201d, destacou Magna Martins, respons\u00e1vel pelo Bazar da APPO.<\/p>\n\n\n\n<p>Todos os itens que estar\u00e3o \u00e0 venda foram doados \u00e0 APPO e passam por sele\u00e7\u00e3o e cuidados criteriosos. Quando necess\u00e1rio, as pe\u00e7as s\u00e3o costuradas, lavadas, devidamente dobradas e empacotadas.<\/p>\n\n\n\n<p>Quem quiser conhecer de perto a APPO ou como se tornar um parceiro e mudar a vida de um paciente oncol\u00f3gico, pode ir pessoalmente a sede da Associa\u00e7\u00e3o, \u00e0 Rua Visconde da Penha, n\u00ba 72 &#8211; Centro \u2013 Petr\u00f3polis \u2013 RJ, obter informa\u00e7\u00f5es pelo telefone fixo (24) 2242-0956, WhastsApp (24) 99274-1377, site www.appo.org.br, e-mail appo@appo.org.br ou nas m\u00eddias sociais Facebook @appo.org (https:\/\/www.facebook.comappo.org) e Instagram @associacaopetropolitana (https:\/\/www.instagram.com\/associacaopetropolitana\/).<\/p>\n","protected":false},"excerpt":{"rendered":"<p>De segunda-feira, 27 de novembro, at\u00e9 sexta-feira, 01 de dezembro, segue a edi\u00e7\u00e3o do Bazar<\/p>\n","protected":false},"author":2,"featured_media":72594,"comment_status":"open","ping_status":"open","sticky":false,"template":"","format":"standard","meta":{"footnotes":""},"categories":[12],"tags":[],"class_list":["post-72593","post","type-post","status-publish","format-standard","has-post-thumbnail","hentry","category-cidade"],"_links":{"self":[{"href":"https:\/\/tvc16.com\/portal\/wp-json\/wp\/v2\/posts\/72593","targetHints":{"allow":["GET"]}}],"collection":[{"href":"https:\/\/tvc16.com\/portal\/wp-json\/wp\/v2\/posts"}],"about":[{"href":"https:\/\/tvc16.com\/portal\/wp-json\/wp\/v2\/types\/post"}],"author":[{"embeddable":true,"href":"https:\/\/tvc16.com\/portal\/wp-json\/wp\/v2\/users\/2"}],"replies":[{"embeddable":true,"href":"https:\/\/tvc16.com\/portal\/wp-json\/wp\/v2\/comments?post=72593"}],"version-history":[{"count":1,"href":"https:\/\/tvc16.com\/portal\/wp-json\/wp\/v2\/posts\/72593\/revisions"}],"predecessor-version":[{"id":72595,"href":"https:\/\/tvc16.com\/portal\/wp-json\/wp\/v2\/posts\/72593\/revisions\/72595"}],"wp:featuredmedia":[{"embeddable":true,"href":"https:\/\/tvc16.com\/portal\/wp-json\/wp\/v2\/media\/72594"}],"wp:attachment":[{"href":"https:\/\/tvc16.com\/portal\/wp-json\/wp\/v2\/media?parent=72593"}],"wp:term":[{"taxonomy":"category","embeddable":true,"href":"https:\/\/tvc16.com\/portal\/wp-json\/wp\/v2\/categories?post=72593"},{"taxonomy":"post_tag","embeddable":true,"href":"https:\/\/tvc16.com\/portal\/wp-json\/wp\/v2\/tags?post=72593"}],"curies":[{"name":"wp","href":"https:\/\/api.w.org\/{rel}","templated":true}]}}