{"id":72596,"date":"2023-11-23T15:02:06","date_gmt":"2023-11-23T18:02:06","guid":{"rendered":"https:\/\/tvc16.com\/portal\/?p=72596"},"modified":"2023-11-23T15:02:09","modified_gmt":"2023-11-23T18:02:09","slug":"movimento-petropolis-2030-repudia-falta-de-energia-e-demora-nos-reparos-pela-concessionaria-enel","status":"publish","type":"post","link":"https:\/\/tvc16.com\/portal\/2023\/11\/23\/movimento-petropolis-2030-repudia-falta-de-energia-e-demora-nos-reparos-pela-concessionaria-enel\/","title":{"rendered":"Movimento Petr\u00f3polis 2030 repudia falta de energia e demora nos reparos pela concession\u00e1ria Enel"},"content":{"rendered":"\n<p>O Movimento Petr\u00f3polis 2030, firmado por 26 entidades empresarias e representativas da sociedade manifesta veemente rep\u00fadio \u00e0 lament\u00e1vel falta de energia el\u00e9trica que assolou consumidores e empresas durante o \u00faltimo feriad\u00e3o na cidade e se estendendo por esta semana, ocasionada por um temporal. A situa\u00e7\u00e3o, al\u00e9m de causar transtornos significativos, exp\u00f4s a fragilidade da infraestrutura energ\u00e9tica local. Os eventos clim\u00e1ticos s\u00e3o uma rotina do ver\u00e3o e devem prever um planejamento espec\u00edfico para o restabelecimento de energia.<\/p>\n\n\n\n<p>Expressamos nossa profunda insatisfa\u00e7\u00e3o com a resposta tardia e inadequada por parte da concession\u00e1ria Enel, respons\u00e1vel pela distribui\u00e7\u00e3o de energia na regi\u00e3o. A demora nos reparos demonstra uma falha grave no sistema de atendimento de emerg\u00eancia, impactando negativamente a vida de milhares de cidad\u00e3os e prejudicando a atividade econ\u00f4mica local.<\/p>\n\n\n\n<p>Em reuni\u00f5es recentes com equipes t\u00e9cnicas e de ger\u00eancia, provocadas pelo movimento empresarial, a Enel destacou plano de podas e manejo de vegeta\u00e7\u00e3o, ocasi\u00e3o em que foi assinalado pelas entidades empresariais que n\u00e3o seria o suficiente para preven\u00e7\u00e3o de transtornos e restabelecimento de abastecimento.<\/p>\n\n\n\n<p>\u00c9 imperativo que a Enel revise e aprimore seus procedimentos de manuten\u00e7\u00e3o e resposta a situa\u00e7\u00f5es emergenciais. Exigimos transpar\u00eancia na comunica\u00e7\u00e3o com os afetados, fornecendo informa\u00e7\u00f5es claras sobre os prazos de restabelecimento do servi\u00e7o e adotando medidas preventivas para evitar recorr\u00eancias.<\/p>\n\n\n\n<p>O Movimento Petr\u00f3polis 2030 reafirma seu compromisso em defesa dos interesses da comunidade, instando as autoridades competentes a fiscalizarem rigorosamente as pr\u00e1ticas da concession\u00e1ria. Acreditamos que somente com uma abordagem respons\u00e1vel e eficaz ser\u00e1 poss\u00edvel garantir um fornecimento de energia seguro e confi\u00e1vel para todos os petropolitanos.<\/p>\n\n\n\n<p><strong><em>Movimento Petr\u00f3polis 2030 atua pelo desenvolvimento econ\u00f4mico<\/em><\/strong><\/p>\n\n\n\n<p><em>O Movimento Petr\u00f3polis 2030 \u00e9 uma iniciativa de 26 institui\u00e7\u00f5es empresariais e representativas da sociedade de Petr\u00f3polis que tem como objetivo impulsionar o desenvolvimento econ\u00f4mico da cidade. O movimento re\u00fane l\u00edderes do setor privado com a miss\u00e3o de resgatar projetos estrat\u00e9gicos que possam alavancar a economia local. Com uma vis\u00e3o de futuro at\u00e9 2030, o movimento identifica e prioriza 20 propostas fundamentais, abrangendo infraestrutura, mobilidade e outros aspectos-chave para garantir um futuro pr\u00f3spero para Petr\u00f3polis. O Movimento Petr\u00f3polis 2030 atua como um agente de mudan\u00e7a, buscando a colabora\u00e7\u00e3o com o poder p\u00fablico e a iniciativa privada para transformar essas propostas em realidade e promover o crescimento sustent\u00e1vel da cidade.<\/em><\/p>\n","protected":false},"excerpt":{"rendered":"<p>O Movimento Petr\u00f3polis 2030, firmado por 26 entidades empresarias e representativas da sociedade manifesta veemente<\/p>\n","protected":false},"author":2,"featured_media":31266,"comment_status":"open","ping_status":"open","sticky":false,"template":"","format":"standard","meta":{"footnotes":""},"categories":[12],"tags":[],"class_list":["post-72596","post","type-post","status-publish","format-standard","has-post-thumbnail","hentry","category-cidade"],"_links":{"self":[{"href":"https:\/\/tvc16.com\/portal\/wp-json\/wp\/v2\/posts\/72596","targetHints":{"allow":["GET"]}}],"collection":[{"href":"https:\/\/tvc16.com\/portal\/wp-json\/wp\/v2\/posts"}],"about":[{"href":"https:\/\/tvc16.com\/portal\/wp-json\/wp\/v2\/types\/post"}],"author":[{"embeddable":true,"href":"https:\/\/tvc16.com\/portal\/wp-json\/wp\/v2\/users\/2"}],"replies":[{"embeddable":true,"href":"https:\/\/tvc16.com\/portal\/wp-json\/wp\/v2\/comments?post=72596"}],"version-history":[{"count":1,"href":"https:\/\/tvc16.com\/portal\/wp-json\/wp\/v2\/posts\/72596\/revisions"}],"predecessor-version":[{"id":72597,"href":"https:\/\/tvc16.com\/portal\/wp-json\/wp\/v2\/posts\/72596\/revisions\/72597"}],"wp:featuredmedia":[{"embeddable":true,"href":"https:\/\/tvc16.com\/portal\/wp-json\/wp\/v2\/media\/31266"}],"wp:attachment":[{"href":"https:\/\/tvc16.com\/portal\/wp-json\/wp\/v2\/media?parent=72596"}],"wp:term":[{"taxonomy":"category","embeddable":true,"href":"https:\/\/tvc16.com\/portal\/wp-json\/wp\/v2\/categories?post=72596"},{"taxonomy":"post_tag","embeddable":true,"href":"https:\/\/tvc16.com\/portal\/wp-json\/wp\/v2\/tags?post=72596"}],"curies":[{"name":"wp","href":"https:\/\/api.w.org\/{rel}","templated":true}]}}