{"id":72598,"date":"2023-11-24T08:00:00","date_gmt":"2023-11-24T11:00:00","guid":{"rendered":"https:\/\/tvc16.com\/portal\/?p=72598"},"modified":"2023-11-23T15:51:10","modified_gmt":"2023-11-23T18:51:10","slug":"criancas-do-projeto-social-pequena-tribo-aprendem-sobre-cultura-africana-e-fazem-apresentacao-folclorica-em-festa-de-encerramento-do-semestre","status":"publish","type":"post","link":"https:\/\/tvc16.com\/portal\/2023\/11\/24\/criancas-do-projeto-social-pequena-tribo-aprendem-sobre-cultura-africana-e-fazem-apresentacao-folclorica-em-festa-de-encerramento-do-semestre\/","title":{"rendered":"Crian\u00e7as do projeto social Pequena Tribo aprendem sobre cultura africana e fazem apresenta\u00e7\u00e3o folcl\u00f3rica em festa de encerramento do semestre"},"content":{"rendered":"\n<p>Mais um fim de semestre se aproxima e as crian\u00e7as do projeto social Pequena Tribo est\u00e3o a todo vapor com os ensaios para a apresenta\u00e7\u00e3o de fim de ano. A festa vai ter como tema a \u00c1frica e vai acontecer no dia 15 de dezembro na Escola Municipal Odette Young Monteiro, no Bonfim. Al\u00e9m da exposi\u00e7\u00e3o de todos os trabalhos feitos durante o semestre como confec\u00e7\u00e3o de m\u00e1scaras, instrumentos musicais africanos e pinturas de alguns animais daquele continente, as crian\u00e7as v\u00e3o encenar uma lenda africana chamada \u201cSundiata\u201d e fazer tamb\u00e9m apresenta\u00e7\u00f5es de dan\u00e7as africanas.<\/p>\n\n\n\n<p>Criado pelo professor de Vedanta Jonas Masetti e custeado pelo instituto que leva seu nome por meio de doa\u00e7\u00f5es de seus alunos, a Pequena Tribo \u00e9 um programa extracurricular destinado a crian\u00e7as de escolas p\u00fablicas, que trabalha o resgate do valor dos povos ancestrais com suas culturas e tradi\u00e7\u00f5es.<\/p>\n\n\n\n<p>Durante o ano de 2023 as crian\u00e7as estudaram a cultura de tr\u00eas povos origin\u00e1rios: a ind\u00edgena, a indiana e a africana, finalizando o segundo semestre. Desde setembro as crian\u00e7as est\u00e3o imersas em conhecer dan\u00e7as, ritmos, artes, teatro, culin\u00e1ria, curiosidades e outras tradi\u00e7\u00f5es africanas. Os aprendizados iniciaram com o estudo do livro \u201cO Pequeno Pr\u00edncipe Preto\u201d, do autor Rodrigo Fran\u00e7a.<\/p>\n\n\n\n<p>\u201cNesse livro abordamos a import\u00e2ncia de valorizarmos quem somos, como somos, de onde viemos. \u00c9 um livro que tamb\u00e9m mostra a for\u00e7a de termos la\u00e7os de carinho e afeto! Fala tamb\u00e9m da cor da pele, do jeito do cabelo. Foram li\u00e7\u00f5es importantes de amor-pr\u00f3prio e aos outros e ainda de autorrespeito e respeito ao pr\u00f3ximo\u201d, contou Leidiane Am\u00e1lia, educadora da Pequena Tribo.<\/p>\n\n\n\n<p>Depois do livro, foi a vez das crian\u00e7as trabalharem a lenda africana \u201cSundiata\u201d, atrav\u00e9s de podcasts. Elas escutavam tr\u00eas epis\u00f3dios por semana e colocavam no papel, atrav\u00e9s de desenhos, o que entendiam de cada epis\u00f3dio. Atrav\u00e9s de oficinas l\u00fadicas e sensoriais, as crian\u00e7as trabalharam diariamente m\u00fasicas e brincadeiras africanas como Amarelinha Africana, Saltando Feij\u00e3o, Pengo-Pengo e Matacuzana, todas bem parecidas com brincadeiras brasileiras.<\/p>\n\n\n\n<p>Dentro da oficina \u201cRitmos e movimento\u201d as crian\u00e7as conheceram as dan\u00e7as africanas Afox\u00e9, Maracatu, Maculel\u00ea, Coco de Roda. J\u00e1 na oficina \u201cConex\u00e3o, Corpo e Mente\u201d os alunos trabalharam a respira\u00e7\u00e3o consciente e ainda diversas posturas e alongamentos ligados com a cultura africana. Foram posi\u00e7\u00f5es de animais como le\u00e3o, girafa, crocodilo, elefante e outros bichos. Tamb\u00e9m foram trabalhamos outros sentidos: as crian\u00e7as conheceram a mandioca, o polvilho e a farinha feitos da mandioca e a tapioca. Ao final, se deliciaram provando e apurando seus paladares com mandioca cozida.<\/p>\n\n\n\n<p>Na oficina \u201cViv\u00eancias Sonoras\u201d foi a vez dos alunos confeccionarem instrumentos musicais da cultura africana com materiais recicl\u00e1veis e aprenderem a us\u00e1-los. Meninos e meninas se divertiram com o tambor, kazoo, caxixi e cabulel\u00ea. J\u00e1 nas atividades de \u201cExpress\u00e3o Criativa\u201d s\u00e3o trabalhadas sempre a escrita e as express\u00f5es corporal, oral e gestual.<\/p>\n\n\n\n<p>\u201cO grande diferencial da Pequena Tribo \u00e9 que montamos e estamos sempre aprimorando nosso conte\u00fado program\u00e1tico. Nele nos preocupamos em, al\u00e9m de resgatar a cultura dos povos origin\u00e1rios, trazer e desenvolver a intelig\u00eancia emocional nas crian\u00e7as. Incentivamos a comunica\u00e7\u00e3o de suas emo\u00e7\u00f5es, ou seja, que elas entendam e nomeiem o que sentem, como sentem e como lidar com esses sentimentos. Isso tudo faz com que esse projeto social seja t\u00e3o especial. E tudo pode ser acompanhado pelo Instagram @pequenatribo\u201d, completou Rodrigo Ribas, coordenador do projeto.<\/p>\n\n\n\n<figure class=\"wp-block-gallery has-nested-images columns-default is-cropped wp-block-gallery-1 is-layout-flex wp-block-gallery-is-layout-flex\">\n<figure class=\"wp-block-image size-large\"><img loading=\"lazy\" decoding=\"async\" width=\"1024\" height=\"768\" data-id=\"72599\" src=\"https:\/\/tvc16.com\/portal\/wp-content\/uploads\/2023\/11\/Criancas-Pequena-Tribo-Cultura-Africana-1024x768.jpg\" alt=\"\" class=\"wp-image-72599\" srcset=\"https:\/\/tvc16.com\/portal\/wp-content\/uploads\/2023\/11\/Criancas-Pequena-Tribo-Cultura-Africana-1024x768.jpg 1024w, https:\/\/tvc16.com\/portal\/wp-content\/uploads\/2023\/11\/Criancas-Pequena-Tribo-Cultura-Africana-300x225.jpg 300w, https:\/\/tvc16.com\/portal\/wp-content\/uploads\/2023\/11\/Criancas-Pequena-Tribo-Cultura-Africana-768x576.jpg 768w, https:\/\/tvc16.com\/portal\/wp-content\/uploads\/2023\/11\/Criancas-Pequena-Tribo-Cultura-Africana-1536x1152.jpg 1536w, https:\/\/tvc16.com\/portal\/wp-content\/uploads\/2023\/11\/Criancas-Pequena-Tribo-Cultura-Africana-200x150.jpg 200w, https:\/\/tvc16.com\/portal\/wp-content\/uploads\/2023\/11\/Criancas-Pequena-Tribo-Cultura-Africana.jpg 1600w\" sizes=\"auto, (max-width: 1024px) 100vw, 1024px\" \/><\/figure>\n\n\n\n<figure class=\"wp-block-image size-large\"><img loading=\"lazy\" decoding=\"async\" width=\"1024\" height=\"768\" data-id=\"72600\" src=\"https:\/\/tvc16.com\/portal\/wp-content\/uploads\/2023\/11\/Criancas-Pequena-Tribo-estudam-Mapa-Mundi-1024x768.jpg\" alt=\"\" class=\"wp-image-72600\" srcset=\"https:\/\/tvc16.com\/portal\/wp-content\/uploads\/2023\/11\/Criancas-Pequena-Tribo-estudam-Mapa-Mundi-1024x768.jpg 1024w, https:\/\/tvc16.com\/portal\/wp-content\/uploads\/2023\/11\/Criancas-Pequena-Tribo-estudam-Mapa-Mundi-300x225.jpg 300w, https:\/\/tvc16.com\/portal\/wp-content\/uploads\/2023\/11\/Criancas-Pequena-Tribo-estudam-Mapa-Mundi-768x576.jpg 768w, https:\/\/tvc16.com\/portal\/wp-content\/uploads\/2023\/11\/Criancas-Pequena-Tribo-estudam-Mapa-Mundi-1536x1152.jpg 1536w, https:\/\/tvc16.com\/portal\/wp-content\/uploads\/2023\/11\/Criancas-Pequena-Tribo-estudam-Mapa-Mundi-200x150.jpg 200w, https:\/\/tvc16.com\/portal\/wp-content\/uploads\/2023\/11\/Criancas-Pequena-Tribo-estudam-Mapa-Mundi.jpg 1600w\" sizes=\"auto, (max-width: 1024px) 100vw, 1024px\" \/><\/figure>\n\n\n\n<figure class=\"wp-block-image size-large\"><img loading=\"lazy\" decoding=\"async\" width=\"1024\" height=\"768\" data-id=\"72602\" src=\"https:\/\/tvc16.com\/portal\/wp-content\/uploads\/2023\/11\/Estudo-Cultura-Africana-1024x768.jpg\" alt=\"\" class=\"wp-image-72602\" srcset=\"https:\/\/tvc16.com\/portal\/wp-content\/uploads\/2023\/11\/Estudo-Cultura-Africana-1024x768.jpg 1024w, https:\/\/tvc16.com\/portal\/wp-content\/uploads\/2023\/11\/Estudo-Cultura-Africana-300x225.jpg 300w, https:\/\/tvc16.com\/portal\/wp-content\/uploads\/2023\/11\/Estudo-Cultura-Africana-768x576.jpg 768w, https:\/\/tvc16.com\/portal\/wp-content\/uploads\/2023\/11\/Estudo-Cultura-Africana-1536x1152.jpg 1536w, https:\/\/tvc16.com\/portal\/wp-content\/uploads\/2023\/11\/Estudo-Cultura-Africana-200x150.jpg 200w, https:\/\/tvc16.com\/portal\/wp-content\/uploads\/2023\/11\/Estudo-Cultura-Africana.jpg 1600w\" sizes=\"auto, (max-width: 1024px) 100vw, 1024px\" \/><\/figure>\n\n\n\n<figure class=\"wp-block-image size-large\"><img loading=\"lazy\" decoding=\"async\" width=\"1024\" height=\"768\" data-id=\"72601\" src=\"https:\/\/tvc16.com\/portal\/wp-content\/uploads\/2023\/11\/Trabalhos-cultura-africana-1024x768.jpg\" alt=\"\" class=\"wp-image-72601\" srcset=\"https:\/\/tvc16.com\/portal\/wp-content\/uploads\/2023\/11\/Trabalhos-cultura-africana-1024x768.jpg 1024w, https:\/\/tvc16.com\/portal\/wp-content\/uploads\/2023\/11\/Trabalhos-cultura-africana-300x225.jpg 300w, https:\/\/tvc16.com\/portal\/wp-content\/uploads\/2023\/11\/Trabalhos-cultura-africana-768x576.jpg 768w, https:\/\/tvc16.com\/portal\/wp-content\/uploads\/2023\/11\/Trabalhos-cultura-africana-1536x1152.jpg 1536w, https:\/\/tvc16.com\/portal\/wp-content\/uploads\/2023\/11\/Trabalhos-cultura-africana-200x150.jpg 200w, https:\/\/tvc16.com\/portal\/wp-content\/uploads\/2023\/11\/Trabalhos-cultura-africana.jpg 1600w\" sizes=\"auto, (max-width: 1024px) 100vw, 1024px\" \/><\/figure>\n<\/figure>\n","protected":false},"excerpt":{"rendered":"<p>Mais um fim de semestre se aproxima e as crian\u00e7as do projeto social Pequena Tribo<\/p>\n","protected":false},"author":2,"featured_media":72600,"comment_status":"open","ping_status":"open","sticky":false,"template":"","format":"standard","meta":{"footnotes":""},"categories":[12],"tags":[],"class_list":["post-72598","post","type-post","status-publish","format-standard","has-post-thumbnail","hentry","category-cidade"],"_links":{"self":[{"href":"https:\/\/tvc16.com\/portal\/wp-json\/wp\/v2\/posts\/72598","targetHints":{"allow":["GET"]}}],"collection":[{"href":"https:\/\/tvc16.com\/portal\/wp-json\/wp\/v2\/posts"}],"about":[{"href":"https:\/\/tvc16.com\/portal\/wp-json\/wp\/v2\/types\/post"}],"author":[{"embeddable":true,"href":"https:\/\/tvc16.com\/portal\/wp-json\/wp\/v2\/users\/2"}],"replies":[{"embeddable":true,"href":"https:\/\/tvc16.com\/portal\/wp-json\/wp\/v2\/comments?post=72598"}],"version-history":[{"count":1,"href":"https:\/\/tvc16.com\/portal\/wp-json\/wp\/v2\/posts\/72598\/revisions"}],"predecessor-version":[{"id":72603,"href":"https:\/\/tvc16.com\/portal\/wp-json\/wp\/v2\/posts\/72598\/revisions\/72603"}],"wp:featuredmedia":[{"embeddable":true,"href":"https:\/\/tvc16.com\/portal\/wp-json\/wp\/v2\/media\/72600"}],"wp:attachment":[{"href":"https:\/\/tvc16.com\/portal\/wp-json\/wp\/v2\/media?parent=72598"}],"wp:term":[{"taxonomy":"category","embeddable":true,"href":"https:\/\/tvc16.com\/portal\/wp-json\/wp\/v2\/categories?post=72598"},{"taxonomy":"post_tag","embeddable":true,"href":"https:\/\/tvc16.com\/portal\/wp-json\/wp\/v2\/tags?post=72598"}],"curies":[{"name":"wp","href":"https:\/\/api.w.org\/{rel}","templated":true}]}}