{"id":7260,"date":"2020-12-02T12:33:11","date_gmt":"2020-12-02T15:33:11","guid":{"rendered":"https:\/\/tvc16.com\/portal\/?p=7260"},"modified":"2020-12-02T12:33:14","modified_gmt":"2020-12-02T15:33:14","slug":"organizacao-social-vai-gerir-cinemateca-e-tecnicos-serao-recontratados","status":"publish","type":"post","link":"https:\/\/tvc16.com\/portal\/2020\/12\/02\/organizacao-social-vai-gerir-cinemateca-e-tecnicos-serao-recontratados\/","title":{"rendered":"Organiza\u00e7\u00e3o social vai gerir Cinemateca e t\u00e9cnicos ser\u00e3o recontratados"},"content":{"rendered":"\n<h3 class=\"wp-block-heading\">Nome da entidade ser\u00e1 anunciado nas pr\u00f3ximas semanas<\/h3>\n\n\n\n<h4 class=\"wp-block-heading\">Por Fernanda Cruz &#8211; Rep\u00f3rter da Ag\u00eancia Brasil &#8211; Bras\u00edlia<\/h4>\n\n\n\n<p>A Cinemateca Brasileira passa a&nbsp;ter&nbsp;a gest\u00e3o de uma organiza\u00e7\u00e3o social durante os primeiros tr\u00eas meses de 2021. O nome da entidade&nbsp;ser\u00e1 anunciado nas pr\u00f3ximas semanas, informou o secret\u00e1rio nacional do Audiovisual, Bruno Gra\u00e7a Melo C\u00f4rtes, \u00e0&nbsp;<strong>Ag\u00eancia Brasil<\/strong>.<img decoding=\"async\" src=\"https:\/\/agenciabrasil.ebc.com.br\/ebc.png?id=1395199&amp;o=node\"><img decoding=\"async\" src=\"https:\/\/agenciabrasil.ebc.com.br\/ebc.gif?id=1395199&amp;o=node\"><\/p>\n\n\n\n<p>Sob nova gest\u00e3o, ser\u00e3o recontratados os cerca de 40 funcion\u00e1rios especializados em preserva\u00e7\u00e3o, documenta\u00e7\u00e3o, pesquisa e tecnologia da informa\u00e7\u00e3o, que trabalhavam para a Associa\u00e7\u00e3o de Comunica\u00e7\u00e3o Educativa Roquette Pinto (Acerp), \u00faltima entidade a administrar a Cinemateca.<\/p>\n\n\n\n<p>Em agosto, a Uni\u00e3o retomou as chaves do espa\u00e7o e promoveu contratos para garantir a manuten\u00e7\u00e3o dos servi\u00e7os de limpeza, climatiza\u00e7\u00e3o do acervo, seguran\u00e7a e controle de pragas. Foi quitada, em parcela \u00fanica, a d\u00edvida de energia el\u00e9trica, importante para a preserva\u00e7\u00e3o dos rolos de filmes mais antigos. Essa parte do acervo cont\u00e9m nitrato de celulose, pass\u00edvel de combust\u00e3o espont\u00e2nea se n\u00e3o \u00e9 conservado em c\u00e2mara com temperatura e umidade espec\u00edficas.<\/p>\n\n\n\n<p>\u201cHouve, ao longo dos \u00faltimos anos, alguns imbr\u00f3glios, dificuldades com as gest\u00f5es passadas que resultaram na necessidade de a Uni\u00e3o, literalmente, retomar as chaves, retomar as r\u00e9deas e botar [a Cinemateca] para funcionar novamente\u201d, declarou.<\/p>\n\n\n\n<p>Segundo C\u00f4rtes, o chamamento p\u00fablico para a contrata\u00e7\u00e3o da nova entidade a gerir a Cinemateca em definitivo deve sair no in\u00edcio do pr\u00f3ximo ano.<\/p>\n\n\n\n<h2 class=\"wp-block-heading\">Polo cinematogr\u00e1fico<\/h2>\n\n\n\n<p>A Cinemateca, mais importante acervo da Am\u00e9rica do Sul, tem cerca de 245 mil rolos de filmes referentes a 30 mil t\u00edtulos. Obras de fic\u00e7\u00e3o, document\u00e1rios, cinejornais, filmes publicit\u00e1rios e registros familiares, nacionais e estrangeiros produzidos desde 1910 comp\u00f5em o acervo.<\/p>\n\n\n\n<p>\u201c\u00c9 incr\u00edvel, \u00e9 um verdadeiro polo cinematogr\u00e1fico, em termos de espa\u00e7o f\u00edsico e da quantidade de acervo aqui dentro. O que a gente precisa fazer \u00e9 dar nova vida a isso tudo\u201d, disse C\u00f4rtes. \u201cN\u00e3o falta motiva\u00e7\u00e3o, vontade de fazer isso acontecer. Eu, como secret\u00e1rio do Audiovisual, chego na pasta animad\u00edssimo, porque tenho um desafio que vai ser um dos mais interessantes, profissionalmente falando\u201d, acrescentou.<\/p>\n\n\n\n<figure class=\"wp-block-image\"><img decoding=\"async\" src=\"https:\/\/imagens.ebc.com.br\/pQWLYh5CUJuqktcstZW8NkeVx-M=\/754x0\/smart\/https:\/\/agenciabrasil.ebc.com.br\/sites\/default\/files\/thumbnails\/image\/_cinemateca_brasileira_sao_paulo_rvrsa_011220200841.jpg?itok=Kgs78j11\" alt=\"A Cinemateca Brasileira conta um acervo de 245 mil rolos de filmes e duas salas de proje\u00e7\u00e3o.\" title=\"Rovena Rosa\/Ag\u00eancia Brasil\"\/><\/figure>\n\n\n\n<p>A Cinemateca Brasileira conta um acervo de 245 mil rolos de filmes e duas salas de proje\u00e7\u00e3o. &#8211;&nbsp;<strong>Rovena Rosa\/Ag\u00eancia Brasil<\/strong><\/p>\n\n\n\n<p>Como parte do projeto de reestrutura\u00e7\u00e3o da Cinemateca, est\u00e1 a cria\u00e7\u00e3o de um centro de excel\u00eancia na forma\u00e7\u00e3o de profissionais ligados ao audiovisual no local. O objetivo \u00e9 tamb\u00e9m aproveitar o potencial para transformar a Cinemateca num destino atraente para o turismo. A Cinemateca ganhar\u00e1 ainda um conselho de administra\u00e7\u00e3o com membros de diferentes setores do governo e uma coordena\u00e7\u00e3o exclusiva, vinculada \u00e0 secretaria.<\/p>\n\n\n\n<h2 class=\"wp-block-heading\">Reabertura<\/h2>\n\n\n\n<p>A programa\u00e7\u00e3o aberta ao p\u00fablico, suspensa desde o in\u00edcio da pandemia, deve ser retomada a partir do in\u00edcio da nova gest\u00e3o. Cineastas, pesquisadores e outros profissionais interessados em utilizar o acervo ou a cess\u00e3o de imagens tamb\u00e9m voltar\u00e3o a ser atendidos.<\/p>\n\n\n\n<p>Edi\u00e7\u00e3o: Gra\u00e7a Adjuto<\/p>\n","protected":false},"excerpt":{"rendered":"<p>Nome da entidade ser\u00e1 anunciado nas pr\u00f3ximas semanas Por Fernanda Cruz &#8211; Rep\u00f3rter da Ag\u00eancia<\/p>\n","protected":false},"author":2,"featured_media":7261,"comment_status":"open","ping_status":"open","sticky":false,"template":"","format":"standard","meta":{"footnotes":""},"categories":[17],"tags":[],"class_list":["post-7260","post","type-post","status-publish","format-standard","has-post-thumbnail","hentry","category-outras-noticias"],"_links":{"self":[{"href":"https:\/\/tvc16.com\/portal\/wp-json\/wp\/v2\/posts\/7260","targetHints":{"allow":["GET"]}}],"collection":[{"href":"https:\/\/tvc16.com\/portal\/wp-json\/wp\/v2\/posts"}],"about":[{"href":"https:\/\/tvc16.com\/portal\/wp-json\/wp\/v2\/types\/post"}],"author":[{"embeddable":true,"href":"https:\/\/tvc16.com\/portal\/wp-json\/wp\/v2\/users\/2"}],"replies":[{"embeddable":true,"href":"https:\/\/tvc16.com\/portal\/wp-json\/wp\/v2\/comments?post=7260"}],"version-history":[{"count":1,"href":"https:\/\/tvc16.com\/portal\/wp-json\/wp\/v2\/posts\/7260\/revisions"}],"predecessor-version":[{"id":7262,"href":"https:\/\/tvc16.com\/portal\/wp-json\/wp\/v2\/posts\/7260\/revisions\/7262"}],"wp:featuredmedia":[{"embeddable":true,"href":"https:\/\/tvc16.com\/portal\/wp-json\/wp\/v2\/media\/7261"}],"wp:attachment":[{"href":"https:\/\/tvc16.com\/portal\/wp-json\/wp\/v2\/media?parent=7260"}],"wp:term":[{"taxonomy":"category","embeddable":true,"href":"https:\/\/tvc16.com\/portal\/wp-json\/wp\/v2\/categories?post=7260"},{"taxonomy":"post_tag","embeddable":true,"href":"https:\/\/tvc16.com\/portal\/wp-json\/wp\/v2\/tags?post=7260"}],"curies":[{"name":"wp","href":"https:\/\/api.w.org\/{rel}","templated":true}]}}