{"id":72611,"date":"2023-11-23T17:40:40","date_gmt":"2023-11-23T20:40:40","guid":{"rendered":"https:\/\/tvc16.com\/portal\/?p=72611"},"modified":"2023-11-23T17:40:41","modified_gmt":"2023-11-23T20:40:41","slug":"rua-olavo-bilac-alaga-apos-forte-chuva-desta-quinta-feira","status":"publish","type":"post","link":"https:\/\/tvc16.com\/portal\/2023\/11\/23\/rua-olavo-bilac-alaga-apos-forte-chuva-desta-quinta-feira\/","title":{"rendered":"Rua Olavo Bilac alaga ap\u00f3s forte chuva desta quinta-feira"},"content":{"rendered":"\n<p>Uma forte chuva atingiu a cidade de Petr\u00f3polis por volta das 17h desta quinta-feira (23). A Defesa Civil havia emitiu um alerta de possibilidade de pancadas de chuva, por volta de 12h. Com a chuva, um trecho da Rua Olavo Bilac, na Castel\u00e2nia, ficou alagado.<\/p>\n\n\n\n<p>Em v\u00eddeos que circulam nas redes sociais, \u00e9 poss\u00edvel ver que alguns carros conseguiram passa pelo trecho, mas os pedestres ficaram impedidos de transitar pela via. Somente \u00e0s cinco horas e doze minutos a defesa civil emitiu um alerta via SMS e fez o acionamento da sirene da Rua Coronel Veiga para risco de inunda\u00e7\u00e3o ao longo da via.<\/p>\n\n\n\n<p>A chuva parou por volta de 17h20 e a interdi\u00e7\u00e3o da via n\u00e3o foi necess\u00e1ria.<\/p>\n","protected":false},"excerpt":{"rendered":"<p>Uma forte chuva atingiu a cidade de Petr\u00f3polis por volta das 17h desta quinta-feira (23).<\/p>\n","protected":false},"author":2,"featured_media":72612,"comment_status":"open","ping_status":"open","sticky":false,"template":"","format":"standard","meta":{"footnotes":""},"categories":[12],"tags":[],"class_list":["post-72611","post","type-post","status-publish","format-standard","has-post-thumbnail","hentry","category-cidade"],"_links":{"self":[{"href":"https:\/\/tvc16.com\/portal\/wp-json\/wp\/v2\/posts\/72611","targetHints":{"allow":["GET"]}}],"collection":[{"href":"https:\/\/tvc16.com\/portal\/wp-json\/wp\/v2\/posts"}],"about":[{"href":"https:\/\/tvc16.com\/portal\/wp-json\/wp\/v2\/types\/post"}],"author":[{"embeddable":true,"href":"https:\/\/tvc16.com\/portal\/wp-json\/wp\/v2\/users\/2"}],"replies":[{"embeddable":true,"href":"https:\/\/tvc16.com\/portal\/wp-json\/wp\/v2\/comments?post=72611"}],"version-history":[{"count":1,"href":"https:\/\/tvc16.com\/portal\/wp-json\/wp\/v2\/posts\/72611\/revisions"}],"predecessor-version":[{"id":72613,"href":"https:\/\/tvc16.com\/portal\/wp-json\/wp\/v2\/posts\/72611\/revisions\/72613"}],"wp:featuredmedia":[{"embeddable":true,"href":"https:\/\/tvc16.com\/portal\/wp-json\/wp\/v2\/media\/72612"}],"wp:attachment":[{"href":"https:\/\/tvc16.com\/portal\/wp-json\/wp\/v2\/media?parent=72611"}],"wp:term":[{"taxonomy":"category","embeddable":true,"href":"https:\/\/tvc16.com\/portal\/wp-json\/wp\/v2\/categories?post=72611"},{"taxonomy":"post_tag","embeddable":true,"href":"https:\/\/tvc16.com\/portal\/wp-json\/wp\/v2\/tags?post=72611"}],"curies":[{"name":"wp","href":"https:\/\/api.w.org\/{rel}","templated":true}]}}