{"id":72626,"date":"2023-11-24T12:25:45","date_gmt":"2023-11-24T15:25:45","guid":{"rendered":"https:\/\/tvc16.com\/portal\/?p=72626"},"modified":"2023-11-24T12:25:46","modified_gmt":"2023-11-24T15:25:46","slug":"prefeitura-de-teresopolis-institui-o-programa-teregovdigital-e-cria-a-estrategia-de-governo-digital-egd","status":"publish","type":"post","link":"https:\/\/tvc16.com\/portal\/2023\/11\/24\/prefeitura-de-teresopolis-institui-o-programa-teregovdigital-e-cria-a-estrategia-de-governo-digital-egd\/","title":{"rendered":"Prefeitura de Teres\u00f3polis institui o Programa \u2018Ter\u00eaGovDigital\u2019 e cria a Estrat\u00e9gia de Governo Digital (EGD)"},"content":{"rendered":"\n<p>A Prefeitura de Teres\u00f3polis publicou nesta sexta-feira, 24, no Di\u00e1rio Oficial do Munic\u00edpio, a cria\u00e7\u00e3o do Programa Municipal de Governo Digital &#8211; \u2018Ter\u00eaGov Digital\u2019, iniciativa que visa contribuir para a desburocratiza\u00e7\u00e3o dos processos, incentivar a inova\u00e7\u00e3o e a transforma\u00e7\u00e3o digital e estimular a participa\u00e7\u00e3o do cidad\u00e3o. O documento regulamenta ainda a Lei Federal n\u00ba 14.129\/2021, que disp\u00f5e sobre princ\u00edpios, regras e instrumentos para o Governo Digital e para o aumento da efici\u00eancia p\u00fablica.<\/p>\n\n\n\n<p>\u201cO Programa Ter\u00eaGovDigital adota princ\u00edpios e diretrizes para o aumento da efici\u00eancia da gest\u00e3o p\u00fablica, especialmente por meio da desburocratiza\u00e7\u00e3o, da inova\u00e7\u00e3o, da transforma\u00e7\u00e3o digital e da participa\u00e7\u00e3o do cidad\u00e3o. J\u00e1 alcan\u00e7amos muitos avan\u00e7os, como a implanta\u00e7\u00e3o do sistema eletr\u00f4nico de processos. O objetivo \u00e9 garantir a melhor oferta de servi\u00e7os digitais ao cidad\u00e3o\u201d, pontuou o Prefeito Vinicius Claussen.<\/p>\n\n\n\n<p>O diretor do Departamento de Governan\u00e7a de Dados, Cleiton Pimentel, destacou os benef\u00edcios do programa. \u201cO Programa Ter\u00eaGovDigital vai muito al\u00e9m de uma proposta de governo. \u00c9, antes de tudo, assegurar que cada cidad\u00e3o tenha a oportunidade de se incluir nessas transforma\u00e7\u00f5es, reduzindo a burocracia, agilizando processos, oportunizando a ideia de cidad\u00e3o, governo e governo digital\u201d.<\/p>\n\n\n\n<p>A implementa\u00e7\u00e3o do programa compreender\u00e1 a Estrat\u00e9gia de Governo Digital (EGD) no \u00e2mbito dos \u00f3rg\u00e3os e das entidades setoriais da administra\u00e7\u00e3o p\u00fablica municipal direta e indireta e dever\u00e1 ser realizada de forma intersetorial e integrada sendo coordenada pela Secretaria Municipal de Ci\u00eancia e Tecnologia.<\/p>\n\n\n\n<p><strong>Princ\u00edpios da Estrat\u00e9gia de Governo Digital<\/strong><\/p>\n\n\n\n<p>Entre os princ\u00edpios que norteiam a Estrat\u00e9gia de Governo Digital est\u00e3o:&nbsp;<strong>Governo eficiente e inteligente<\/strong>, que utiliza a tecnologia e a inova\u00e7\u00e3o para impulsionar o desenvolvimento sustent\u00e1vel, implementa pol\u00edticas p\u00fablicas orientadas por dados e evid\u00eancias, al\u00e9m de otimizar a infraestrutura e os contratos de tecnologia para reduzir custos e ampliar a oferta de servi\u00e7os p\u00fablicos;&nbsp;<strong>Governo aberto e transparente<\/strong>, que estimula a participa\u00e7\u00e3o e o controle social no ciclo de pol\u00edticas p\u00fablicas;&nbsp;<strong>Governo seguro e confi\u00e1vel<\/strong>, respeita a privacidade e a seguran\u00e7a dos dados dos cidad\u00e3os, mitiga riscos e amea\u00e7as que surgem com o uso das tecnologias digitais; e&nbsp;<strong>Governo inclusivo e acess\u00edvel<\/strong>: gera novas oportunidades econ\u00f4micas e sociais, promove inclus\u00e3o digital e amplia o acesso a servi\u00e7os p\u00fablicos, com o cuidado de n\u00e3o deixar ningu\u00e9m para tr\u00e1s nas iniciativas de transforma\u00e7\u00e3o digital.<\/p>\n\n\n\n<p><strong>Departamento de Governan\u00e7a e Dados<\/strong><\/p>\n\n\n\n<p>O decreto tamb\u00e9m oficializa a cria\u00e7\u00e3o do Departamento de Governan\u00e7a e Dados, vinculado \u00e0 Secretaria Municipal de Ci\u00eancia e Tecnologia. Entre as diretrizes do departamento est\u00e3o: Realizar a governan\u00e7a da Tecnologia da Informa\u00e7\u00e3o e Comunica\u00e7\u00e3o (TIC) e Dados; Buscar a moderniza\u00e7\u00e3o cont\u00ednua da gest\u00e3o p\u00fablica municipal; Realizar a capacita\u00e7\u00e3o e o letramento digital dos servidores p\u00fablicos; e Estudos e assessoria para a cria\u00e7\u00e3o cont\u00ednua de novas plataformas de governo digital.<\/p>\n\n\n\n<p>O documento institui tamb\u00e9m a cria\u00e7\u00e3o do selo \u2018Ter\u00eaGovDigital\u2019, que acompanhado do endere\u00e7o do site oficial da Prefeitura (<a href=\"http:\/\/teresopolis.rj.gov.br\/\" target=\"_blank\" rel=\"noreferrer noopener\">teresopolis.rj.gov.br<\/a>), dever\u00e1 ser aplicado em todas as pe\u00e7as de comunica\u00e7\u00e3o e documentos oficiais, com a finalidade de promover e facilitar o acesso da popula\u00e7\u00e3o aos servi\u00e7os p\u00fablicos digitais.&#8211;<\/p>\n","protected":false},"excerpt":{"rendered":"<p>A Prefeitura de Teres\u00f3polis publicou nesta sexta-feira, 24, no Di\u00e1rio Oficial do Munic\u00edpio, a cria\u00e7\u00e3o<\/p>\n","protected":false},"author":2,"featured_media":72627,"comment_status":"open","ping_status":"open","sticky":false,"template":"","format":"standard","meta":{"footnotes":""},"categories":[17],"tags":[],"class_list":["post-72626","post","type-post","status-publish","format-standard","has-post-thumbnail","hentry","category-outras-noticias"],"_links":{"self":[{"href":"https:\/\/tvc16.com\/portal\/wp-json\/wp\/v2\/posts\/72626","targetHints":{"allow":["GET"]}}],"collection":[{"href":"https:\/\/tvc16.com\/portal\/wp-json\/wp\/v2\/posts"}],"about":[{"href":"https:\/\/tvc16.com\/portal\/wp-json\/wp\/v2\/types\/post"}],"author":[{"embeddable":true,"href":"https:\/\/tvc16.com\/portal\/wp-json\/wp\/v2\/users\/2"}],"replies":[{"embeddable":true,"href":"https:\/\/tvc16.com\/portal\/wp-json\/wp\/v2\/comments?post=72626"}],"version-history":[{"count":1,"href":"https:\/\/tvc16.com\/portal\/wp-json\/wp\/v2\/posts\/72626\/revisions"}],"predecessor-version":[{"id":72628,"href":"https:\/\/tvc16.com\/portal\/wp-json\/wp\/v2\/posts\/72626\/revisions\/72628"}],"wp:featuredmedia":[{"embeddable":true,"href":"https:\/\/tvc16.com\/portal\/wp-json\/wp\/v2\/media\/72627"}],"wp:attachment":[{"href":"https:\/\/tvc16.com\/portal\/wp-json\/wp\/v2\/media?parent=72626"}],"wp:term":[{"taxonomy":"category","embeddable":true,"href":"https:\/\/tvc16.com\/portal\/wp-json\/wp\/v2\/categories?post=72626"},{"taxonomy":"post_tag","embeddable":true,"href":"https:\/\/tvc16.com\/portal\/wp-json\/wp\/v2\/tags?post=72626"}],"curies":[{"name":"wp","href":"https:\/\/api.w.org\/{rel}","templated":true}]}}