{"id":72634,"date":"2023-11-24T13:27:24","date_gmt":"2023-11-24T16:27:24","guid":{"rendered":"https:\/\/tvc16.com\/portal\/?p=72634"},"modified":"2023-11-24T13:27:25","modified_gmt":"2023-11-24T16:27:25","slug":"petropolis-tem-482-unidades-habitacionais-selecionadas-no-novo-minha-casa-minha-vida","status":"publish","type":"post","link":"https:\/\/tvc16.com\/portal\/2023\/11\/24\/petropolis-tem-482-unidades-habitacionais-selecionadas-no-novo-minha-casa-minha-vida\/","title":{"rendered":"Petr\u00f3polis tem 482 unidades habitacionais selecionadas no novo Minha Casa, Minha Vida"},"content":{"rendered":"\n<p>O munic\u00edpio de Petr\u00f3polis teve quatro propostas inclu\u00eddas na primeira sele\u00e7\u00e3o do novo Minha Casa, Minha Vida (MCMV), o que representa\u00a0482 unidades habitacionais constru\u00eddas no munic\u00edpio da Regi\u00e3o Serrana. Do total, 294 moradias fazem parte de projetos cadastrados pelo Governo do Estado em terrenos pr\u00f3prios localizados no Mosela\u00a0(140 UHs), Vale do Cuiab\u00e1 (70) e Benfica (84), no distrito de Itaipava. Outras 188 s\u00e3o de um empreendimento na Estrada da Saudade.\u00a0<\/p>\n\n\n\n<p>O an\u00fancio dos contemplados foi feito pelo presidente Luiz In\u00e1cio Lula da Silva em cerim\u00f4nia no Pal\u00e1cio do Planalto, com portaria publicada pelo Minist\u00e9rio das Cidades na noite desta quarta-feira (22). As moradias ser\u00e3o destinadas a fam\u00edlias da faixa 1, com renda de at\u00e9 dois sal\u00e1rios-m\u00ednimos (R$ 2.640).&nbsp;<\/p>\n\n\n\n<p>O secret\u00e1rio de Habita\u00e7\u00e3o de Interesse Social, Bruno Dauaire, comemorou a sele\u00e7\u00e3o de todas as propostas de Petr\u00f3polis cadastradas pelo Governo do Estado, e adiantou que o Chamamento P\u00fablico para as empresas interessadas ser\u00e1 lan\u00e7ado em breve.<\/p>\n\n\n\n<p>&#8211; Nossa equipe capacitou os munic\u00edpios, ajudou no passo a passo e deu todo suporte para que consegu\u00edssemos o maior n\u00famero de moradias para nosso estado. Ver todos os nossos de Petr\u00f3polis serem inclu\u00eddos \u00e9 uma satisfa\u00e7\u00e3o muito grande. Agora \u00e9 mais uma corrida contra o tempo para lan\u00e7ar o chamamento p\u00fablico, cumprir todo tr\u00e2mite burocr\u00e1tico para ter os recursos do governo federal e ver essas unidades serem erguidas &#8211; afirmou Bruno Dauaire.&nbsp;<\/p>\n\n\n\n<p>De acordo com o secret\u00e1rio, a pasta tamb\u00e9m vai reapresentar propostas para os munic\u00edpios de Sumidouro e S\u00e3o Jos\u00e9 do Vale do Rio Preto, que foram cadastradas, mas ficaram fora da primeira sele\u00e7\u00e3o do Minist\u00e9rio das Cidades.<\/p>\n\n\n\n<p>&#8211; O Ministro Jader Filho anunciou que vai lan\u00e7ar edital para munic\u00edpios com menos de 50 mil habitantes, e j\u00e1 estamos a postos para apresentar novamente nossa candidatura para 100 moradias para S\u00e3o Jos\u00e9 do vale do Rio Preto e 50 para Sumidouro &#8211; adiantou o secret\u00e1rio.<\/p>\n\n\n\n<p><br><strong>Unidades em todo o estado<\/strong><\/p>\n\n\n\n<p>O estado do Rio de Janeiro ser\u00e1 contemplado com a constru\u00e7\u00e3o de 11.462 unidades habitacionais por meio do Programa, incluindo propostas de entes p\u00fablicos e privados. Ser\u00e3o erguidos 80 empreendimentos em 16 munic\u00edpios fluminenses, para garantir a casa pr\u00f3pria de mais de 40 mil futuros moradores. Com este n\u00famero, o estado ocupa o 6\u00ba lugar na rela\u00e7\u00e3o de projetos cadastrados junto ao MCMV.<\/p>\n\n\n\n<p>Depois do chamamento p\u00fablico, as propostas das construtoras s\u00e3o analisadas e hierarquizadas de acordo com crit\u00e9rios do programa e enviadas para a Caixa. O banco \u00e9 o respons\u00e1vel pela contrata\u00e7\u00e3o, execu\u00e7\u00e3o e fiscaliza\u00e7\u00e3o das obras.<\/p>\n","protected":false},"excerpt":{"rendered":"<p>O munic\u00edpio de Petr\u00f3polis teve quatro propostas inclu\u00eddas na primeira sele\u00e7\u00e3o do novo Minha Casa,<\/p>\n","protected":false},"author":2,"featured_media":72635,"comment_status":"open","ping_status":"open","sticky":false,"template":"","format":"standard","meta":{"footnotes":""},"categories":[12],"tags":[],"class_list":["post-72634","post","type-post","status-publish","format-standard","has-post-thumbnail","hentry","category-cidade"],"_links":{"self":[{"href":"https:\/\/tvc16.com\/portal\/wp-json\/wp\/v2\/posts\/72634","targetHints":{"allow":["GET"]}}],"collection":[{"href":"https:\/\/tvc16.com\/portal\/wp-json\/wp\/v2\/posts"}],"about":[{"href":"https:\/\/tvc16.com\/portal\/wp-json\/wp\/v2\/types\/post"}],"author":[{"embeddable":true,"href":"https:\/\/tvc16.com\/portal\/wp-json\/wp\/v2\/users\/2"}],"replies":[{"embeddable":true,"href":"https:\/\/tvc16.com\/portal\/wp-json\/wp\/v2\/comments?post=72634"}],"version-history":[{"count":1,"href":"https:\/\/tvc16.com\/portal\/wp-json\/wp\/v2\/posts\/72634\/revisions"}],"predecessor-version":[{"id":72636,"href":"https:\/\/tvc16.com\/portal\/wp-json\/wp\/v2\/posts\/72634\/revisions\/72636"}],"wp:featuredmedia":[{"embeddable":true,"href":"https:\/\/tvc16.com\/portal\/wp-json\/wp\/v2\/media\/72635"}],"wp:attachment":[{"href":"https:\/\/tvc16.com\/portal\/wp-json\/wp\/v2\/media?parent=72634"}],"wp:term":[{"taxonomy":"category","embeddable":true,"href":"https:\/\/tvc16.com\/portal\/wp-json\/wp\/v2\/categories?post=72634"},{"taxonomy":"post_tag","embeddable":true,"href":"https:\/\/tvc16.com\/portal\/wp-json\/wp\/v2\/tags?post=72634"}],"curies":[{"name":"wp","href":"https:\/\/api.w.org\/{rel}","templated":true}]}}