{"id":72641,"date":"2023-11-24T14:06:52","date_gmt":"2023-11-24T17:06:52","guid":{"rendered":"https:\/\/tvc16.com\/portal\/?p=72641"},"modified":"2023-11-24T14:06:54","modified_gmt":"2023-11-24T17:06:54","slug":"justica-convoca-audiencia-para-debater-apagao-em-petropolis","status":"publish","type":"post","link":"https:\/\/tvc16.com\/portal\/2023\/11\/24\/justica-convoca-audiencia-para-debater-apagao-em-petropolis\/","title":{"rendered":"Justi\u00e7a convoca audi\u00eancia para debater apag\u00e3o em Petr\u00f3polis"},"content":{"rendered":"\n<p><em>Por Wellington Daniel<\/em><\/p>\n\n\n\n<p>Uma audi\u00eancia especial, convocada pelo juiz Jorge Martins, da 4\u00aa Vara C\u00edvel de Petr\u00f3polis, debateu nesta quinta-feira (23) os problemas de desabastecimento de energia. O encontro teve a presen\u00e7a o prefeito Rubens Bomtempo, de outros representantes da Prefeitura, da \u00c1guas do Imperador, Enel e associa\u00e7\u00e3o de moradores. O Minist\u00e9rio P\u00fablico do Rio de Janeiro e a Defensoria P\u00fablica tamb\u00e9m estiveram presentes.<\/p>\n\n\n\n<p>No Vale do Cuiab\u00e1, a falta de energia atrapalhou a comunica\u00e7\u00e3o entre as equipes do N\u00facleo de Defesa Civil (Nudec) e a sede do \u00f3rg\u00e3o, al\u00e9m de outras regi\u00f5es dos distritos, sobre os riscos de inunda\u00e7\u00f5es. J\u00e1 no Quissam\u00e3, um paciente precisou ser levado \u00e0s pressas para o hospital, ap\u00f3s ficar sem respirador. A \u00c1guas do Imperador relatou que foram quatro esta\u00e7\u00f5es de tratamento de \u00e1gua prejudicadas pelo apag\u00e3o.<\/p>\n\n\n\n<p>A promotora de Justi\u00e7a, Vanessa Katz, que ingressou com a a\u00e7\u00e3o, lembrou a escalada de tens\u00e3o na cidade, devido as manifesta\u00e7\u00f5es de moradores sem energia. Na segunda-feira (20), o MPRJ come\u00e7ou a receber diversos relatos de falta de \u00e1gua, devido ao apag\u00e3o. Katz lembra que as previs\u00f5es para o ver\u00e3o n\u00e3o s\u00e3o boas, devido ao El Ni\u00f1o.<\/p>\n\n\n\n<p>&#8220;Se continuar nesse processo de trabalho da concession\u00e1ria, teremos um ver\u00e3o muito dif\u00edcil para a popula\u00e7\u00e3o de Petr\u00f3polis. Eu gostaria que a empresa apresentasse o Plano de Conting\u00eancia para Petr\u00f3polis&#8221;, explicou, lembrando que a energia tamb\u00e9m \u00e9 importante para a evacua\u00e7\u00e3o de comunidades em casos de eventos clim\u00e1ticos.<\/p>\n\n\n\n<p>Nas falas, foram relatados diversos problemas de abastecimento em v\u00e1rios pontos da cidade. A prefeitura cobrou um plano de conting\u00eancia da Enel que entenda os riscos das chuvas de ver\u00e3o na cidade. O prefeito Rubens Bomtempo (PSB) tamb\u00e9m lembrou que os eventos clim\u00e1ticos ser\u00e3o mais frequentes e com intensidades maiores, devido \u00e0s mudan\u00e7as clim\u00e1ticas.<\/p>\n\n\n\n<p>\u201cConsequentemente, se faz necess\u00e1rio que a Enel fa\u00e7a um Plano de Conting\u00eancia que tenha conex\u00e3o com os \u00f3rg\u00e3os de governo municipal e demais \u00f3rg\u00e3os de outros entes a fim de proteger o interesse p\u00fablico, para diminuir o impacto econ\u00f4mico social da perda abrupta de energia\u201d, afirmou o prefeito na audi\u00eancia.<\/p>\n\n\n\n<p>Outro problema apresentado pela prefeitura \u00e9 que as equipes da Enel n\u00e3o possuem autonomia para trabalhar em campo. Segundo a companhia, essa depend\u00eancia se d\u00e1 por quest\u00f5es de seguran\u00e7a. No entanto, em momentos de eventos clim\u00e1ticos, a pr\u00f3pria empresa relatou problemas de comunica\u00e7\u00e3o.<\/p>\n\n\n\n<p>\u201cNos eventos clim\u00e1ticos, a Regi\u00e3o Serrana \u00e9 muito afetada pela comunica\u00e7\u00e3o. O que impacta na execu\u00e7\u00e3o das atividades, elevando o tempo de atendimento dos clientes\u201d, afirmou o gerente operacional da Regi\u00e3o Serrana, Rodrigo Luiz de Almeida.<\/p>\n\n\n\n<p>A empresa ainda informou que, em resposta ao temporal do dia 18, chegou a ter 71 equipes trabalhando simultaneamente no munic\u00edpio de Petr\u00f3polis. Disse que quedas de galhos e \u00e1rvores geraram um trabalho complexo e demorado de reconstru\u00e7\u00e3o da rede.<\/p>\n\n\n\n<p>\u201cA Enel possui plano de mobiliza\u00e7\u00e3o, que se aperfei\u00e7oa a cada ano. Neste evento, no dia 18, a Enel atrav\u00e9s de empresa especializada em previs\u00e3o clim\u00e1tica, tinha ci\u00eancia das adversidades clim\u00e1ticas para o final de semana e, com isso, preparamos um plano contingencial\u201d, disse o gerente operacional.<\/p>\n","protected":false},"excerpt":{"rendered":"<p>Por Wellington Daniel Uma audi\u00eancia especial, convocada pelo juiz Jorge Martins, da 4\u00aa Vara C\u00edvel<\/p>\n","protected":false},"author":2,"featured_media":72642,"comment_status":"open","ping_status":"open","sticky":false,"template":"","format":"standard","meta":{"footnotes":""},"categories":[12],"tags":[],"class_list":["post-72641","post","type-post","status-publish","format-standard","has-post-thumbnail","hentry","category-cidade"],"_links":{"self":[{"href":"https:\/\/tvc16.com\/portal\/wp-json\/wp\/v2\/posts\/72641","targetHints":{"allow":["GET"]}}],"collection":[{"href":"https:\/\/tvc16.com\/portal\/wp-json\/wp\/v2\/posts"}],"about":[{"href":"https:\/\/tvc16.com\/portal\/wp-json\/wp\/v2\/types\/post"}],"author":[{"embeddable":true,"href":"https:\/\/tvc16.com\/portal\/wp-json\/wp\/v2\/users\/2"}],"replies":[{"embeddable":true,"href":"https:\/\/tvc16.com\/portal\/wp-json\/wp\/v2\/comments?post=72641"}],"version-history":[{"count":1,"href":"https:\/\/tvc16.com\/portal\/wp-json\/wp\/v2\/posts\/72641\/revisions"}],"predecessor-version":[{"id":72643,"href":"https:\/\/tvc16.com\/portal\/wp-json\/wp\/v2\/posts\/72641\/revisions\/72643"}],"wp:featuredmedia":[{"embeddable":true,"href":"https:\/\/tvc16.com\/portal\/wp-json\/wp\/v2\/media\/72642"}],"wp:attachment":[{"href":"https:\/\/tvc16.com\/portal\/wp-json\/wp\/v2\/media?parent=72641"}],"wp:term":[{"taxonomy":"category","embeddable":true,"href":"https:\/\/tvc16.com\/portal\/wp-json\/wp\/v2\/categories?post=72641"},{"taxonomy":"post_tag","embeddable":true,"href":"https:\/\/tvc16.com\/portal\/wp-json\/wp\/v2\/tags?post=72641"}],"curies":[{"name":"wp","href":"https:\/\/api.w.org\/{rel}","templated":true}]}}