{"id":72655,"date":"2023-11-24T14:39:25","date_gmt":"2023-11-24T17:39:25","guid":{"rendered":"https:\/\/tvc16.com\/portal\/?p=72655"},"modified":"2023-11-24T14:39:39","modified_gmt":"2023-11-24T17:39:39","slug":"defesa-civil-realizara-simulado-de-evacuacao-na-comunidade-de-prainha-no-3o-distrito-de-nova-friburgo","status":"publish","type":"post","link":"https:\/\/tvc16.com\/portal\/2023\/11\/24\/defesa-civil-realizara-simulado-de-evacuacao-na-comunidade-de-prainha-no-3o-distrito-de-nova-friburgo\/","title":{"rendered":"Defesa Civil realizar\u00e1 simulado de evacua\u00e7\u00e3o na comunidade de prainha, no 3\u00ba distrito de Nova Friburgo"},"content":{"rendered":"\n<p>Neste s\u00e1bado, a Defesa Civil do Estado do Rio de Janeiro e Prefeitura de Nova Friburgo, atrav\u00e9s da Secretaria Municipal de Defesa Civil, em parceria com a Humedica Brasil, realizar\u00e3o um exerc\u00edcio simulado de evacua\u00e7\u00e3o na localidade de Prainha, no 3\u00ba distrito, a partir das 9h. A a\u00e7\u00e3o visa preparar os moradores da regi\u00e3o para saber como agir em casos de chuvas fortes, buscando os pontos de apoio de forma segura.<\/p>\n\n\n\n<p>\u00c9 importante a participa\u00e7\u00e3o de toda comunidade nesta a\u00e7\u00e3o educativa e de preven\u00e7\u00e3o, j\u00e1 que, atrav\u00e9s dos simulados, a Defesa Civil consegue alertar sobre os riscos, passar recomenda\u00e7\u00f5es corretas e protocolos de mobiliza\u00e7\u00e3o no caso do acionamento de sirenes.&nbsp;<\/p>\n\n\n\n<p>Ao longo da manh\u00e3 ser\u00e1 oferecido, na sede da Humedica Brasil, o servi\u00e7o de aferi\u00e7\u00e3o arterial e, para as crian\u00e7as, a Secretaria Municipal de Esportes e Lazer disponibilizar\u00e1 cama el\u00e1stica, gangorrinha e escorrega.<\/p>\n\n\n\n<p>A Humedica Brasil \u00e9 uma institui\u00e7\u00e3o de ajuda humanit\u00e1ria e apoio a crian\u00e7as em situa\u00e7\u00e3o de risco social em Nova Friburgo e entra nesta a\u00e7\u00e3o como parceira, entendendo a import\u00e2ncia de atuar junto com o poder p\u00fablico em a\u00e7\u00f5es voltadas para o bem-estar comunit\u00e1rio.<\/p>\n","protected":false},"excerpt":{"rendered":"<p>Neste s\u00e1bado, a Defesa Civil do Estado do Rio de Janeiro e Prefeitura de Nova<\/p>\n","protected":false},"author":2,"featured_media":72656,"comment_status":"open","ping_status":"open","sticky":false,"template":"","format":"standard","meta":{"footnotes":""},"categories":[17],"tags":[],"class_list":["post-72655","post","type-post","status-publish","format-standard","has-post-thumbnail","hentry","category-outras-noticias"],"_links":{"self":[{"href":"https:\/\/tvc16.com\/portal\/wp-json\/wp\/v2\/posts\/72655","targetHints":{"allow":["GET"]}}],"collection":[{"href":"https:\/\/tvc16.com\/portal\/wp-json\/wp\/v2\/posts"}],"about":[{"href":"https:\/\/tvc16.com\/portal\/wp-json\/wp\/v2\/types\/post"}],"author":[{"embeddable":true,"href":"https:\/\/tvc16.com\/portal\/wp-json\/wp\/v2\/users\/2"}],"replies":[{"embeddable":true,"href":"https:\/\/tvc16.com\/portal\/wp-json\/wp\/v2\/comments?post=72655"}],"version-history":[{"count":2,"href":"https:\/\/tvc16.com\/portal\/wp-json\/wp\/v2\/posts\/72655\/revisions"}],"predecessor-version":[{"id":72658,"href":"https:\/\/tvc16.com\/portal\/wp-json\/wp\/v2\/posts\/72655\/revisions\/72658"}],"wp:featuredmedia":[{"embeddable":true,"href":"https:\/\/tvc16.com\/portal\/wp-json\/wp\/v2\/media\/72656"}],"wp:attachment":[{"href":"https:\/\/tvc16.com\/portal\/wp-json\/wp\/v2\/media?parent=72655"}],"wp:term":[{"taxonomy":"category","embeddable":true,"href":"https:\/\/tvc16.com\/portal\/wp-json\/wp\/v2\/categories?post=72655"},{"taxonomy":"post_tag","embeddable":true,"href":"https:\/\/tvc16.com\/portal\/wp-json\/wp\/v2\/tags?post=72655"}],"curies":[{"name":"wp","href":"https:\/\/api.w.org\/{rel}","templated":true}]}}