{"id":72666,"date":"2023-11-24T14:55:01","date_gmt":"2023-11-24T17:55:01","guid":{"rendered":"https:\/\/tvc16.com\/portal\/?p=72666"},"modified":"2023-11-24T14:55:02","modified_gmt":"2023-11-24T17:55:02","slug":"agora-e-lei-cidade-tera-o-dia-municipal-da-cerveja","status":"publish","type":"post","link":"https:\/\/tvc16.com\/portal\/2023\/11\/24\/agora-e-lei-cidade-tera-o-dia-municipal-da-cerveja\/","title":{"rendered":"Agora \u00e9 lei: cidade ter\u00e1 o &#8220;Dia Municipal da Cerveja&#8221;"},"content":{"rendered":"\n<p>Foi sancionada no dia 16 de novembro a Lei 8.641\/2023, de autoria do vereador Dudu (MDB), que institui em Petr\u00f3polis o &#8220;Dia Municipal da Cerveja&#8221;, a ser celebrado anualmente no dia 5 de agosto. O intuito da lei \u00e9, de acordo com o texto, valorizar a produ\u00e7\u00e3o da bebida no munic\u00edpio, que j\u00e1 det\u00e9m o t\u00edtulo de &#8220;Capital Estadual da Cerveja&#8221;, estimulando, assim, o crescimento econ\u00f4mico dos produtores al\u00e9m de promover a valoriza\u00e7\u00e3o e visibilidade social, o turismo, o com\u00e9rcio e a cultura cervejeira local.<\/p>\n\n\n\n<p>Para o vereador, este est\u00edmulo \u00e9 um passo importante para o fomento da economia municipal.<\/p>\n\n\n\n<p>&#8220;Petr\u00f3polis \u00e9 oficialmente, desde julho de 2017, a Capital Estadual da Cerveja e esta lei ser\u00e1 importante para nossa economia. Dar\u00e1 ainda mais \u00eanfase \u00e0 produ\u00e7\u00e3o cervejeira artesanal, favorecendo assim os pequenos produtores. Vai contribuir tamb\u00e9m diretamente nas vendas de bares, restaurantes e com\u00e9rcio da regi\u00e3o&#8221;, justificou o vereador.<\/p>\n","protected":false},"excerpt":{"rendered":"<p>Foi sancionada no dia 16 de novembro a Lei 8.641\/2023, de autoria do vereador Dudu<\/p>\n","protected":false},"author":2,"featured_media":72667,"comment_status":"open","ping_status":"open","sticky":false,"template":"","format":"standard","meta":{"footnotes":""},"categories":[12],"tags":[],"class_list":["post-72666","post","type-post","status-publish","format-standard","has-post-thumbnail","hentry","category-cidade"],"_links":{"self":[{"href":"https:\/\/tvc16.com\/portal\/wp-json\/wp\/v2\/posts\/72666","targetHints":{"allow":["GET"]}}],"collection":[{"href":"https:\/\/tvc16.com\/portal\/wp-json\/wp\/v2\/posts"}],"about":[{"href":"https:\/\/tvc16.com\/portal\/wp-json\/wp\/v2\/types\/post"}],"author":[{"embeddable":true,"href":"https:\/\/tvc16.com\/portal\/wp-json\/wp\/v2\/users\/2"}],"replies":[{"embeddable":true,"href":"https:\/\/tvc16.com\/portal\/wp-json\/wp\/v2\/comments?post=72666"}],"version-history":[{"count":1,"href":"https:\/\/tvc16.com\/portal\/wp-json\/wp\/v2\/posts\/72666\/revisions"}],"predecessor-version":[{"id":72668,"href":"https:\/\/tvc16.com\/portal\/wp-json\/wp\/v2\/posts\/72666\/revisions\/72668"}],"wp:featuredmedia":[{"embeddable":true,"href":"https:\/\/tvc16.com\/portal\/wp-json\/wp\/v2\/media\/72667"}],"wp:attachment":[{"href":"https:\/\/tvc16.com\/portal\/wp-json\/wp\/v2\/media?parent=72666"}],"wp:term":[{"taxonomy":"category","embeddable":true,"href":"https:\/\/tvc16.com\/portal\/wp-json\/wp\/v2\/categories?post=72666"},{"taxonomy":"post_tag","embeddable":true,"href":"https:\/\/tvc16.com\/portal\/wp-json\/wp\/v2\/tags?post=72666"}],"curies":[{"name":"wp","href":"https:\/\/api.w.org\/{rel}","templated":true}]}}