{"id":727,"date":"2020-09-18T20:11:45","date_gmt":"2020-09-18T20:11:45","guid":{"rendered":"https:\/\/tvc16.com\/portal\/?p=727"},"modified":"2020-09-20T17:52:42","modified_gmt":"2020-09-20T17:52:42","slug":"parque-cremerie-reabre-na-terca-feira","status":"publish","type":"post","link":"https:\/\/tvc16.com\/portal\/2020\/09\/18\/parque-cremerie-reabre-na-terca-feira\/","title":{"rendered":"Parque Cremerie reabre na pr\u00f3xima ter\u00e7a-feira, em Petr\u00f3polis"},"content":{"rendered":"\n<p>A partir da pr\u00f3xima ter\u00e7a-feira, dia\u00a022 , o Parque Cremerie volta a receber o p\u00fablico. Aos poucos, e com responsabilidade, embasado nas notas t\u00e9cnicas da Secretaria de Sa\u00fade, o munic\u00edpio iniciou um plano de flexibiliza\u00e7\u00e3o das atividades econ\u00f4micas da Cidade, com a libera\u00e7\u00e3o do funcionamento de alguns setores. No caso do parque, assim como todas as outras atividades j\u00e1 liberadas, ser\u00e3o seguidos todos os protocolos de seguran\u00e7a e preven\u00e7\u00e3o \u00e0 doen\u00e7a.<br>O Parque Cremerie vai funcionar de\u00a0ter\u00e7a-feira \u00e0\u00a0domingo\u00a0e feriados, das 08h \u00e0s 17h. Ser\u00e1 permitida a entrada de at\u00e9 150 pessoas. Al\u00e9m disso, a temperatura corporal de todos os visitantes ser\u00e1 aferida na entrada do parque e n\u00e3o ser\u00e1 permitida a entrada de pessoas com mais de 37,8\u00baC ou com sintomas, ainda que leves, como tosse seca, febre, cansa\u00e7o (falta de ar e fadiga), congestionamento nasal e inflama\u00e7\u00e3o na garganta. Tamb\u00e9m ser\u00e1 obrigat\u00f3rio o uso de m\u00e1scara facial e s\u00f3 ser\u00e3o permitidas as atividades f\u00edsicas como caminhadas e a utiliza\u00e7\u00e3o da quadra de esportes. N\u00e3o ser\u00e1 permitido o uso de bebedouros.<br>Piscina, churrasqueiras, pedalinhos e brinquedos infantis n\u00e3o poder\u00e3o ser utilizados. E n\u00e3o ser\u00e1 permitida a realiza\u00e7\u00e3o de piqueniques ou confraterniza\u00e7\u00f5es. J\u00e1 as lanchonetes localizadas no parque dever\u00e3o obedecer \u00e0s normas previstas no Decreto Municipal.<br>Vale ressaltar que a data para a reabertura do parque, assim como todas as outras atividades j\u00e1 em funcionamento, est\u00e1 condicionada \u00e0 taxa de ocupa\u00e7\u00e3o dos leitos hospitalares na cidade e, caso o n\u00famero chegue a 80%, a prefeitura poder\u00e1 voltar atr\u00e1s na decis\u00e3o, n\u00e3o descartando, inclusive, um poss\u00edvel lockdown.<\/p>\n","protected":false},"excerpt":{"rendered":"<p>A partir da pr\u00f3xima ter\u00e7a-feira, dia\u00a022 , o Parque Cremerie volta a receber o p\u00fablico.<\/p>\n","protected":false},"author":2,"featured_media":728,"comment_status":"open","ping_status":"open","sticky":false,"template":"","format":"standard","meta":{"footnotes":""},"categories":[12],"tags":[],"class_list":["post-727","post","type-post","status-publish","format-standard","has-post-thumbnail","hentry","category-cidade"],"_links":{"self":[{"href":"https:\/\/tvc16.com\/portal\/wp-json\/wp\/v2\/posts\/727","targetHints":{"allow":["GET"]}}],"collection":[{"href":"https:\/\/tvc16.com\/portal\/wp-json\/wp\/v2\/posts"}],"about":[{"href":"https:\/\/tvc16.com\/portal\/wp-json\/wp\/v2\/types\/post"}],"author":[{"embeddable":true,"href":"https:\/\/tvc16.com\/portal\/wp-json\/wp\/v2\/users\/2"}],"replies":[{"embeddable":true,"href":"https:\/\/tvc16.com\/portal\/wp-json\/wp\/v2\/comments?post=727"}],"version-history":[{"count":3,"href":"https:\/\/tvc16.com\/portal\/wp-json\/wp\/v2\/posts\/727\/revisions"}],"predecessor-version":[{"id":788,"href":"https:\/\/tvc16.com\/portal\/wp-json\/wp\/v2\/posts\/727\/revisions\/788"}],"wp:featuredmedia":[{"embeddable":true,"href":"https:\/\/tvc16.com\/portal\/wp-json\/wp\/v2\/media\/728"}],"wp:attachment":[{"href":"https:\/\/tvc16.com\/portal\/wp-json\/wp\/v2\/media?parent=727"}],"wp:term":[{"taxonomy":"category","embeddable":true,"href":"https:\/\/tvc16.com\/portal\/wp-json\/wp\/v2\/categories?post=727"},{"taxonomy":"post_tag","embeddable":true,"href":"https:\/\/tvc16.com\/portal\/wp-json\/wp\/v2\/tags?post=727"}],"curies":[{"name":"wp","href":"https:\/\/api.w.org\/{rel}","templated":true}]}}