{"id":7276,"date":"2020-12-03T12:27:15","date_gmt":"2020-12-03T15:27:15","guid":{"rendered":"https:\/\/tvc16.com\/portal\/?p=7276"},"modified":"2020-12-03T12:27:17","modified_gmt":"2020-12-03T15:27:17","slug":"escola-municipalizada-santa-terezinha-e-destaque-no-1o-premio-aprendizagem-solidaria","status":"publish","type":"post","link":"https:\/\/tvc16.com\/portal\/2020\/12\/03\/escola-municipalizada-santa-terezinha-e-destaque-no-1o-premio-aprendizagem-solidaria\/","title":{"rendered":"Escola Municipalizada Santa Terezinha \u00e9 destaque no 1\u00ba Pr\u00eamio Aprendizagem Solid\u00e1ria"},"content":{"rendered":"\n<p><em>Unidade educacional ficou em 1\u00ba lugar na categoria anos finais do ensino fundamental com projeto: N\u00f3s Cuidamos da Vila com o Vila Recicla<\/em><\/p>\n\n\n\n<p>Solidariedade. Essa foi a inspira\u00e7\u00e3o para que os alunos do 9\u00ba ano da Escola Municipalizada Santa Terezinha, no Vila Rica, mergulhassem em um projeto de resgate comunit\u00e1rio por interm\u00e9dio da conscientiza\u00e7\u00e3o sobre o descarte correto do lixo com a separa\u00e7\u00e3o dos itens recicl\u00e1veis. A a\u00e7\u00e3o, que recebeu o nome &#8211; N\u00f3s Cuidamos da Vila com o Vila Recicla &#8211; \u00e9, hoje, motivo de comemora\u00e7\u00e3o no Vila Rica: o projeto ficou em 1\u00ba lugar na categoria 3 do 1\u00ba Pr\u00eamio Aprendizagem Solid\u00e1ria &#8211; Experi\u00eancias que transformam promovido pela Rede Brasileira de Aprendizagem Solid\u00e1ria (RBAS), com coordena\u00e7\u00e3o t\u00e9cnica do Centro de Estudos em Educa\u00e7\u00e3o, Cultura e A\u00e7\u00e3o Comunit\u00e1ria (CENPEC), do Instituto Singularidades, do Movimento Futuro, da Organiza\u00e7\u00e3o dos Estados Ibero-americanos para Educa\u00e7\u00e3o, Ci\u00eancia e Cultura (OEI) no Brasil e da Mori Educa\u00e7\u00e3o e apoio do Centro Latino-Americano de Aprendizagem e Servi\u00e7o Solid\u00e1rio (CLAYSS). No total, a premia\u00e7\u00e3o recebeu inscri\u00e7\u00e3o de mais de 200 projetos de todo o Brasil.<\/p>\n\n\n\n<p>No pr\u00f3ximo s\u00e1bado (05\/12), das 10h \u00e0s 13h ocorrer\u00e1 a apresenta\u00e7\u00e3o online de todos os projetos vencedores, atrav\u00e9s do youtube (: \/user\/multisingu) e facebook (\/singularidades). Os alunos e professores que coordenaram o projeto, Ana Carolina Kapler (professora de educa\u00e7\u00e3o f\u00edsica) e Ronaldo Yallouz (professor de ci\u00eancias), receberam a not\u00edcia da premia\u00e7\u00e3o com alegria: o projeto receber\u00e1 uma verba de R$ 15 mil que permitir\u00e1 a continuidade das a\u00e7\u00f5es de conscientiza\u00e7\u00e3o no bairro no pr\u00f3ximo ano.<\/p>\n\n\n\n<p>\u201cEm 2019 resolvemos sair em uma caminhada pelo bairro e solicitamos que os alunos observassem e registrassem problemas do bairro. A turma que saiu conosco foi o 9\u00ba ano do ensino fundamental de 2019. Nesta caminhada eles fizeram a observa\u00e7\u00e3o de que o que mais os incomodava no bairro era o lixo. No retorno \u00e0 escola debatemos o problema e pensamos em uma forma de amenizar a situa\u00e7\u00e3o. Da\u00ed surgiu o projeto. A not\u00edcia da premia\u00e7\u00e3o foi recebida com uma enorme alegria, pois, de fato, o projeto transformou o olhar da comunidade para o descarte do lixo, al\u00e9m de ter desenvolvido nos alunos o sentimento de perten\u00e7a da pr\u00f3pria comunidade\u201d, explica Ana Carolina.<\/p>\n\n\n\n<p>O projeto dos alunos petropolitanos conquistou o 1\u00ba lugar na categoria 3 (ensino fundamental anos finais e ensino m\u00e9dio), concorrendo com mais 8 projetos finalistas de escolas de todo o Brasil. Eles fizeram panfletos, produziram um v\u00eddeo e conversaram com os moradores sobre a import\u00e2ncia do descarte correto do lixo.<\/p>\n\n\n\n<p>\u201cA coloca\u00e7\u00e3o tamb\u00e9m nos garantiu a participa\u00e7\u00e3o de um Semin\u00e1rio Internacional De Aprendizagem Solid\u00e1ria que acontecer\u00e1 em Buenos Aires em 2021\u201d, completou Ana Carolina.<\/p>\n\n\n\n<p>Com o projeto, os alunos da Escola Municipalizada Santa Terezinha mostraram para a comunidade a import\u00e2ncia de todos na separa\u00e7\u00e3o do lixo. \u201cFoi uma forma tamb\u00e9m de mostrar que \u00e9 poss\u00edvel desenvolver renda e economia solid\u00e1ria atrav\u00e9s da separa\u00e7\u00e3o correta dos itens. A escola, os professores e a comunidade est\u00e3o de parab\u00e9ns. O protagonismo juvenil mostra que poss\u00edvel mudar realidades\u201d, parabenizou o prefeito Bernardo Rossi.<\/p>\n\n\n\n<p>A secret\u00e1ria de Educa\u00e7\u00e3o, Marcia Palma, destacou o incentivo dos professores. \u201cPor meio do exemplo conseguimos despertar nos jovens n\u00e3o s\u00f3 o protagonismo em a\u00e7\u00f5es pr\u00f3-comunidade, mas, tamb\u00e9m, o sentimento de pertencimento \u00e0 comunidade. Agrade\u00e7o os professores pelo incentivo e destaco que esse projeto j\u00e1 \u00e9 refer\u00eancia na nossa rede municipal de Educa\u00e7\u00e3o\u201d.<\/p>\n","protected":false},"excerpt":{"rendered":"<p>Unidade educacional ficou em 1\u00ba lugar na categoria anos finais do ensino fundamental com projeto:<\/p>\n","protected":false},"author":2,"featured_media":7277,"comment_status":"open","ping_status":"open","sticky":false,"template":"","format":"standard","meta":{"footnotes":""},"categories":[12],"tags":[],"class_list":["post-7276","post","type-post","status-publish","format-standard","has-post-thumbnail","hentry","category-cidade"],"_links":{"self":[{"href":"https:\/\/tvc16.com\/portal\/wp-json\/wp\/v2\/posts\/7276","targetHints":{"allow":["GET"]}}],"collection":[{"href":"https:\/\/tvc16.com\/portal\/wp-json\/wp\/v2\/posts"}],"about":[{"href":"https:\/\/tvc16.com\/portal\/wp-json\/wp\/v2\/types\/post"}],"author":[{"embeddable":true,"href":"https:\/\/tvc16.com\/portal\/wp-json\/wp\/v2\/users\/2"}],"replies":[{"embeddable":true,"href":"https:\/\/tvc16.com\/portal\/wp-json\/wp\/v2\/comments?post=7276"}],"version-history":[{"count":1,"href":"https:\/\/tvc16.com\/portal\/wp-json\/wp\/v2\/posts\/7276\/revisions"}],"predecessor-version":[{"id":7278,"href":"https:\/\/tvc16.com\/portal\/wp-json\/wp\/v2\/posts\/7276\/revisions\/7278"}],"wp:featuredmedia":[{"embeddable":true,"href":"https:\/\/tvc16.com\/portal\/wp-json\/wp\/v2\/media\/7277"}],"wp:attachment":[{"href":"https:\/\/tvc16.com\/portal\/wp-json\/wp\/v2\/media?parent=7276"}],"wp:term":[{"taxonomy":"category","embeddable":true,"href":"https:\/\/tvc16.com\/portal\/wp-json\/wp\/v2\/categories?post=7276"},{"taxonomy":"post_tag","embeddable":true,"href":"https:\/\/tvc16.com\/portal\/wp-json\/wp\/v2\/tags?post=7276"}],"curies":[{"name":"wp","href":"https:\/\/api.w.org\/{rel}","templated":true}]}}